{"id":68857,"date":"2013-07-15T16:54:45","date_gmt":"2013-07-15T19:54:45","guid":{"rendered":"http:\/\/www.r2cpress.com.br\/v1\/?p=68857"},"modified":"2013-07-15T16:54:45","modified_gmt":"2013-07-15T19:54:45","slug":"cineclube-equio-reis-vai-ao-basilio-nesta-terca-feira","status":"publish","type":"post","link":"https:\/\/www.r2cpress.com.br\/v1\/2013\/07\/15\/cineclube-equio-reis-vai-ao-basilio-nesta-terca-feira\/","title":{"rendered":"Cineclube \u00c9quio Reis vai  ao Bas\u00edlio nesta ter\u00e7a-feira"},"content":{"rendered":"<p>            Depois de visitar o Nossa Senhora da Vit\u00f3ria, o Cineclube \u00c9quio Reis itinerante segue para o bairro do Bas\u00edlio, na noite desta ter\u00e7a-feira (16). A partir das 19 horas, ser\u00e1 exibido o filme Narradores de Jav\u00e9, no Col\u00e9gio Estadual. A iniciativa \u00e9 do N\u00facleo de Produ\u00e7\u00e3o Audiovisual do Teatro Popular de Ilh\u00e9us com apoio da comunidade local. A entrada \u00e9 franca.<\/p>\n<p>            Esta n\u00e3o ser\u00e1 a primeira vez que o Bas\u00edlio recebe o Cineclube \u00c9quio Reis. Em agosto do ano passado, foi realizado o \u201cProjetando Alto\u201d, no Terreiro de Pedro Farias. O filme que ser\u00e1 exibido nesta ter\u00e7a-feira conta a hist\u00f3ria do vilarejo de Jav\u00e9, amea\u00e7ado pela constru\u00e7\u00e3o de uma usina hidrel\u00e9trica. Como protesto, os moradores decidem escrever um documento contando os grandes acontecimentos hist\u00f3ricos da comunidade. O longa-metragem \u00e9 dirigido por Eliane Caff\u00e9.<\/p>\n<p>            O Cineclube \u00c9quio Reis acontece desde 2009, exibindo filmes uma vez por semana, com entrada franca. Em novembro de 2012, foi assinado conv\u00eanio com a Universidade Estadual de Santa Cruz, passando a exibir produtos realizados ou apoiados pelo Curso de Comunica\u00e7\u00e3o Social. Nas pr\u00f3ximas ter\u00e7as-feiras, o projeto itinerante segue para os bairros da Conquista e Nelson Costa.<\/p>\n","protected":false},"excerpt":{"rendered":"<p>Depois de visitar o Nossa Senhora da Vit\u00f3ria, o Cineclube \u00c9quio Reis itinerante segue para o bairro do Bas\u00edlio, na noite desta ter\u00e7a-feira (16). A partir das 19 horas, ser\u00e1 exibido o filme Narradores de Jav\u00e9, no Col\u00e9gio Estadual. A iniciativa \u00e9 do N\u00facleo de Produ\u00e7\u00e3o Audiovisual do Teatro Popular de Ilh\u00e9us com apoio da [&hellip;]<\/p>\n","protected":false},"author":2,"featured_media":0,"comment_status":"open","ping_status":"open","sticky":false,"template":"","format":"standard","meta":{"_links_to":"","_links_to_target":""},"categories":[5],"tags":[],"_links":{"self":[{"href":"https:\/\/www.r2cpress.com.br\/v1\/wp-json\/wp\/v2\/posts\/68857"}],"collection":[{"href":"https:\/\/www.r2cpress.com.br\/v1\/wp-json\/wp\/v2\/posts"}],"about":[{"href":"https:\/\/www.r2cpress.com.br\/v1\/wp-json\/wp\/v2\/types\/post"}],"author":[{"embeddable":true,"href":"https:\/\/www.r2cpress.com.br\/v1\/wp-json\/wp\/v2\/users\/2"}],"replies":[{"embeddable":true,"href":"https:\/\/www.r2cpress.com.br\/v1\/wp-json\/wp\/v2\/comments?post=68857"}],"version-history":[{"count":2,"href":"https:\/\/www.r2cpress.com.br\/v1\/wp-json\/wp\/v2\/posts\/68857\/revisions"}],"predecessor-version":[{"id":68859,"href":"https:\/\/www.r2cpress.com.br\/v1\/wp-json\/wp\/v2\/posts\/68857\/revisions\/68859"}],"wp:attachment":[{"href":"https:\/\/www.r2cpress.com.br\/v1\/wp-json\/wp\/v2\/media?parent=68857"}],"wp:term":[{"taxonomy":"category","embeddable":true,"href":"https:\/\/www.r2cpress.com.br\/v1\/wp-json\/wp\/v2\/categories?post=68857"},{"taxonomy":"post_tag","embeddable":true,"href":"https:\/\/www.r2cpress.com.br\/v1\/wp-json\/wp\/v2\/tags?post=68857"}],"curies":[{"name":"wp","href":"https:\/\/api.w.org\/{rel}","templated":true}]}}