{"id":68864,"date":"2013-07-15T17:07:08","date_gmt":"2013-07-15T20:07:08","guid":{"rendered":"http:\/\/www.r2cpress.com.br\/v1\/?p=68864"},"modified":"2013-07-15T17:07:08","modified_gmt":"2013-07-15T20:07:08","slug":"comeca-nesta-quinta-novenario-de-nossa-senhora-de-santana","status":"publish","type":"post","link":"https:\/\/www.r2cpress.com.br\/v1\/2013\/07\/15\/comeca-nesta-quinta-novenario-de-nossa-senhora-de-santana\/","title":{"rendered":"Come\u00e7a nesta quinta noven\u00e1rio de Nossa Senhora de Santana"},"content":{"rendered":"<p>A novena faz parte das atividades de comemora\u00e7\u00e3o pelo dia da santa, padroeira do distrito do Rio de Engenho, que inclui tamb\u00e9m missas, prociss\u00e3o e festas de largo.<\/p>\n<div id=\"attachment_68865\" style=\"width: 560px\" class=\"wp-caption aligncenter\"><a href=\"http:\/\/www.r2cpress.com.br\/v1\/wp-content\/uploads\/Igreja-Nossa-Senhora-de-Santana-Foto-Alfredo-Filho-Secom-11.jpg\"><img aria-describedby=\"caption-attachment-68865\" loading=\"lazy\" src=\"http:\/\/www.r2cpress.com.br\/v1\/wp-content\/uploads\/Igreja-Nossa-Senhora-de-Santana-Foto-Alfredo-Filho-Secom-11.jpg\" alt=\"Igreja Nossa Senhora de Santana - Foto Alfredo Filho - Secom.\" width=\"550\" height=\"367\" class=\"size-full wp-image-68865\" srcset=\"https:\/\/www.r2cpress.com.br\/v1\/wp-content\/uploads\/Igreja-Nossa-Senhora-de-Santana-Foto-Alfredo-Filho-Secom-11.jpg 550w, https:\/\/www.r2cpress.com.br\/v1\/wp-content\/uploads\/Igreja-Nossa-Senhora-de-Santana-Foto-Alfredo-Filho-Secom-11-300x200.jpg 300w\" sizes=\"(max-width: 550px) 100vw, 550px\" \/><\/a><p id=\"caption-attachment-68865\" class=\"wp-caption-text\">Igreja Nossa Senhora de Santana &#8211; Foto Alfredo Filho &#8211; Secom.<\/p><\/div>\n<p>Fieis e devotos da par\u00f3quia de Nossa Senhora de Santana, no distrito de Rio de Engenho, iniciam na pr\u00f3xima quinta-feira, dia 18, o noven\u00e1rio em adora\u00e7\u00e3o \u00e0 santa padroeira da comunidade. A atividade faz parte da programa\u00e7\u00e3o de comemora\u00e7\u00e3o pelo dia de Santana, 28\/07, que tamb\u00e9m inclui prociss\u00e3o, missa solene e festas de largo.<\/p>\n<p><!--more--><\/p>\n<p>No primeiro dia da novena, ser\u00e1 celebrada uma missa solene, \u00e0s 18 horas, na igreja, considerada a segunda mais antiga do Brasil. Da\u00ed prossegue a novena. J\u00e1 no s\u00e1bado, dia 27, ap\u00f3s a novena, haver\u00e1 festa de largo com v\u00e1rias atra\u00e7\u00f5es musicais. No domingo (28\/07), as atividades come\u00e7am \u00e0s 10 horas, com a celebra\u00e7\u00e3o de uma missa, e, entre as 12 e 22 horas, haver\u00e1 festa de largo. Na segunda-feira, 29, \u00e9 dia do tradicional \u2018dominguinho da comunidade\u2019, uma esp\u00e9cie de feriado local.  <\/p>\n<p>Hist\u00f3ria \u2013 Constru\u00edda em 1537, constituindo-se como o segundo templo cat\u00f3lico do pa\u00eds, a Igreja \u00e9 um dos mais importantes monumentos hist\u00f3rico e arquitet\u00f4nico de Ilh\u00e9us e da Bahia. Pertenceu \u00e0 fam\u00edlia de Mem de S\u00e1, terceiro governador-geral do Brasil, e foi um local de grande atua\u00e7\u00e3o dos jesu\u00edtas no S\u00e9culo XVI. H\u00e1 cerca de 30 anos, foi tombada pelo Instituto do Patrim\u00f4nio Hist\u00f3rico e Art\u00edstico Nacional (Iphan).<\/p>\n<p>No \u00faltimo m\u00eas de junho, a igreja foi reaberta para a comunidade, com a presen\u00e7a do prefeito Jabes Ribeiro, ap\u00f3s passar por interven\u00e7\u00f5es realizadas pelo instituto para a recupera\u00e7\u00e3o do patrim\u00f4nio, a partir de mobiliza\u00e7\u00e3o da comunidade, no ano passado.<\/p>\n<p>Os servi\u00e7os inclu\u00edram a recupera\u00e7\u00e3o das instala\u00e7\u00f5es el\u00e9tricas e hidr\u00e1ulicas, pintura geral, substitui\u00e7\u00e3o do piso e do telhado, troca da madeira do mezanino, entre outros. Tamb\u00e9m foram restauradas as imagens de Nossa Senhora de Santana, S\u00e3o Benedito, Nossa Senhora das Gra\u00e7as, Nossa Senhora dos Passos, Santo Antonio e do Senhor Jesus Crucificado.<\/p>\n<p>&#8212;<br \/>\nSecretaria de Comunica\u00e7\u00e3o Social (Secom)<br \/>\nIlh\u00e9us \u2013 15.07.2013<\/p>\n","protected":false},"excerpt":{"rendered":"<p>A novena faz parte das atividades de comemora\u00e7\u00e3o pelo dia da santa, padroeira do distrito do Rio de Engenho, que inclui tamb\u00e9m missas, prociss\u00e3o e festas de largo. Fieis e devotos da par\u00f3quia de Nossa Senhora de Santana, no distrito de Rio de Engenho, iniciam na pr\u00f3xima quinta-feira, dia 18, o noven\u00e1rio em adora\u00e7\u00e3o \u00e0 [&hellip;]<\/p>\n","protected":false},"author":2,"featured_media":0,"comment_status":"open","ping_status":"open","sticky":false,"template":"","format":"standard","meta":{"_links_to":"","_links_to_target":""},"categories":[23],"tags":[],"_links":{"self":[{"href":"https:\/\/www.r2cpress.com.br\/v1\/wp-json\/wp\/v2\/posts\/68864"}],"collection":[{"href":"https:\/\/www.r2cpress.com.br\/v1\/wp-json\/wp\/v2\/posts"}],"about":[{"href":"https:\/\/www.r2cpress.com.br\/v1\/wp-json\/wp\/v2\/types\/post"}],"author":[{"embeddable":true,"href":"https:\/\/www.r2cpress.com.br\/v1\/wp-json\/wp\/v2\/users\/2"}],"replies":[{"embeddable":true,"href":"https:\/\/www.r2cpress.com.br\/v1\/wp-json\/wp\/v2\/comments?post=68864"}],"version-history":[{"count":2,"href":"https:\/\/www.r2cpress.com.br\/v1\/wp-json\/wp\/v2\/posts\/68864\/revisions"}],"predecessor-version":[{"id":68867,"href":"https:\/\/www.r2cpress.com.br\/v1\/wp-json\/wp\/v2\/posts\/68864\/revisions\/68867"}],"wp:attachment":[{"href":"https:\/\/www.r2cpress.com.br\/v1\/wp-json\/wp\/v2\/media?parent=68864"}],"wp:term":[{"taxonomy":"category","embeddable":true,"href":"https:\/\/www.r2cpress.com.br\/v1\/wp-json\/wp\/v2\/categories?post=68864"},{"taxonomy":"post_tag","embeddable":true,"href":"https:\/\/www.r2cpress.com.br\/v1\/wp-json\/wp\/v2\/tags?post=68864"}],"curies":[{"name":"wp","href":"https:\/\/api.w.org\/{rel}","templated":true}]}}