{"id":68868,"date":"2013-07-15T17:10:29","date_gmt":"2013-07-15T20:10:29","guid":{"rendered":"http:\/\/www.r2cpress.com.br\/v1\/?p=68868"},"modified":"2013-07-15T17:10:29","modified_gmt":"2013-07-15T20:10:29","slug":"professores-de-ilheus-aprendem-novas-tecnicas-de-alfabetizacao","status":"publish","type":"post","link":"https:\/\/www.r2cpress.com.br\/v1\/2013\/07\/15\/professores-de-ilheus-aprendem-novas-tecnicas-de-alfabetizacao\/","title":{"rendered":"Professores de Ilh\u00e9us aprendem novas t\u00e9cnicas de alfabetiza\u00e7\u00e3o"},"content":{"rendered":"<p>Corrigir a defasagem no processo de alfabetiza\u00e7\u00e3o dos cerca de 1300 estudantes da rede municipal de ensino de Ilh\u00e9us na faixa et\u00e1ria a partir dos nove anos que ainda n\u00e3o sabem ler \u00e9 objetivo da Secretaria Municipal de Educa\u00e7\u00e3o (Seduc), que iniciou nesta segunda-feira, dia 15, na Faculdade de Ilh\u00e9us, um curso te\u00f3rico-pr\u00e1tico para professores, apresentando novas t\u00e9cnicas de alfabetiza\u00e7\u00e3o. O curso faz parte do Programa de Corre\u00e7\u00e3o de Fluxo na Alfabetiza\u00e7\u00e3o, promovido pelo Minist\u00e9rio da Educa\u00e7\u00e3o e Cultura (MEC), em parceria com o Grupo de Estudos sobre Educa\u00e7\u00e3o e Metodologia de Pesquisa (Geempa).<\/p>\n<div id=\"attachment_68869\" style=\"width: 510px\" class=\"wp-caption aligncenter\"><a href=\"http:\/\/www.r2cpress.com.br\/v1\/wp-content\/uploads\/Esther-Pilar-Grossi-doutora-em-psicologia-cognitiva-Foto-Gidelzo-Silva-Secom-Ilh\u00e9us-25.jpg\"><img aria-describedby=\"caption-attachment-68869\" loading=\"lazy\" src=\"http:\/\/www.r2cpress.com.br\/v1\/wp-content\/uploads\/Esther-Pilar-Grossi-doutora-em-psicologia-cognitiva-Foto-Gidelzo-Silva-Secom-Ilh\u00e9us-25.jpg\" alt=\"Esther Pilar Grossi, doutora em psicologia cognitiva - Foto Gidelzo Silva (Secom Ilh\u00e9us).\" width=\"500\" height=\"318\" class=\"size-full wp-image-68869\" srcset=\"https:\/\/www.r2cpress.com.br\/v1\/wp-content\/uploads\/Esther-Pilar-Grossi-doutora-em-psicologia-cognitiva-Foto-Gidelzo-Silva-Secom-Ilh\u00e9us-25.jpg 500w, https:\/\/www.r2cpress.com.br\/v1\/wp-content\/uploads\/Esther-Pilar-Grossi-doutora-em-psicologia-cognitiva-Foto-Gidelzo-Silva-Secom-Ilh\u00e9us-25-300x190.jpg 300w\" sizes=\"(max-width: 500px) 100vw, 500px\" \/><\/a><p id=\"caption-attachment-68869\" class=\"wp-caption-text\">Esther Pilar Grossi, doutora em psicologia cognitiva &#8211; Foto Gidelzo Silva (Secom Ilh\u00e9us).<\/p><\/div>\n<p>Durante a solenidade de abertura, que contou com apresenta\u00e7\u00e3o cultural de estudantes da Escola Pin\u00f3quio, a secret\u00e1ria de Educa\u00e7\u00e3o, Marl\u00facia Rocha, considerou que a atividade vai oportunizar novas abordagens pedag\u00f3gicas que v\u00e3o potencializar o processo de ensino aprendizagem da rede. \u201cEsse curso ser\u00e1 realizado por um grupo de estudos formado h\u00e1 mais de 30 anos, portanto, trata-se de um momento muito importante para nossos educadores e educandos que conhecer\u00e3o nova metodologia\u201d, destacou. Na ocasi\u00e3o, o Chefe de Gabinete da Prefeitura de Ilh\u00e9us, Victor da Veiga, representando o prefeito Jabes Ribeiro, ressaltou a import\u00e2ncia da educa\u00e7\u00e3o para a promo\u00e7\u00e3o das mudan\u00e7as sociais. \u201cA educa\u00e7\u00e3o p\u00fablica de qualidade pode mudar vidas, e este \u00e9 o momento da mudan\u00e7a da educa\u00e7\u00e3o no nosso munic\u00edpio\u201d, atestou.<\/p>\n<p><!--more--><\/p>\n<p>At\u00e9 a pr\u00f3xima sexta-feira, dia 19, cem professores de Ilh\u00e9us e outros de munic\u00edpios circunvizinhos que aderiram ao Programa Nacional de Alfabetiza\u00e7\u00e3o na Idade Certa (PNAIC) ter\u00e3o aulas pr\u00e1ticas e te\u00f3ricas com uma equipe multidisciplinar do Geempa, que inclui antrop\u00f3logos, psiquiatras, psic\u00f3logos, m\u00e9dicos e pedagogos. Na abertura do curso, a doutora em psicologia cognitiva, Esther Pilar Grossi, destacou a import\u00e2ncia da leitura para a inser\u00e7\u00e3o do indiv\u00edduo na sociedade contempor\u00e2nea, considerando especialmente o universo da inform\u00e1tica, bem como destacou a necessidade da intera\u00e7\u00e3o social para a educa\u00e7\u00e3o. \u201cN\u00e3o saber ler \u00e9 como ser um cego em uma sociedade cada vez mais informatizada. E a grande descoberta que modifica o ensino \u00e9 que a aprendizagem n\u00e3o \u00e9 um fen\u00f4meno individual e sim social\u201d, destacou a Esther Grossi.<\/p>\n<p>Segundo a doutora, o curso tem bases te\u00f3ricas p\u00f3s-construtivista e j\u00e1 foi aplicado em 249 munic\u00edpios brasileiros, alfabetizando mais de 60 mil pessoas at\u00e9 o final do ano passado. \u201cIsso significa a luz no final do t\u00fanel para tantos alunos que ficaram tanto tempo na escola sem aprender a ler nem a escrever\u201d, ressaltou.<\/p>\n<p>Durante toda a semana, os professores conhecer\u00e3o uma metodologia adequada para redu\u00e7\u00e3o da defasagem educacional, tanto a partir de discuss\u00f5es te\u00f3ricas, quanto do desenvolvimento de atividades pr\u00e1ticas com os alunos da rede municipal.  Os participantes da forma\u00e7\u00e3o receber\u00e3o Kits com material para a alfabetiza\u00e7\u00e3o, contendo cadernos individuais e jogos did\u00e1ticos para grupos de quatro estudantes.<\/p>\n<p>Diagn\u00f3stico \u2013 O diagn\u00f3stico\/2013 do Sistema Municipal de Ensino revela que mais de 1300 crian\u00e7as de nove anos e acima de nove anos, matriculados no Ciclo 2 \u2013 Fase III e no Ciclo 3 \u2013 Fases I e II n\u00e3o sabem ler e escrever adequadamente.<\/p>\n<p>&#8212;<br \/>\nSecretaria de Comunica\u00e7\u00e3o Social (Secom)<br \/>\nIlh\u00e9us \u2013 15.07.2013<\/p>\n","protected":false},"excerpt":{"rendered":"<p>Corrigir a defasagem no processo de alfabetiza\u00e7\u00e3o dos cerca de 1300 estudantes da rede municipal de ensino de Ilh\u00e9us na faixa et\u00e1ria a partir dos nove anos que ainda n\u00e3o sabem ler \u00e9 objetivo da Secretaria Municipal de Educa\u00e7\u00e3o (Seduc), que iniciou nesta segunda-feira, dia 15, na Faculdade de Ilh\u00e9us, um curso te\u00f3rico-pr\u00e1tico para professores, [&hellip;]<\/p>\n","protected":false},"author":2,"featured_media":0,"comment_status":"open","ping_status":"open","sticky":false,"template":"","format":"standard","meta":{"_links_to":"","_links_to_target":""},"categories":[23],"tags":[],"_links":{"self":[{"href":"https:\/\/www.r2cpress.com.br\/v1\/wp-json\/wp\/v2\/posts\/68868"}],"collection":[{"href":"https:\/\/www.r2cpress.com.br\/v1\/wp-json\/wp\/v2\/posts"}],"about":[{"href":"https:\/\/www.r2cpress.com.br\/v1\/wp-json\/wp\/v2\/types\/post"}],"author":[{"embeddable":true,"href":"https:\/\/www.r2cpress.com.br\/v1\/wp-json\/wp\/v2\/users\/2"}],"replies":[{"embeddable":true,"href":"https:\/\/www.r2cpress.com.br\/v1\/wp-json\/wp\/v2\/comments?post=68868"}],"version-history":[{"count":2,"href":"https:\/\/www.r2cpress.com.br\/v1\/wp-json\/wp\/v2\/posts\/68868\/revisions"}],"predecessor-version":[{"id":68871,"href":"https:\/\/www.r2cpress.com.br\/v1\/wp-json\/wp\/v2\/posts\/68868\/revisions\/68871"}],"wp:attachment":[{"href":"https:\/\/www.r2cpress.com.br\/v1\/wp-json\/wp\/v2\/media?parent=68868"}],"wp:term":[{"taxonomy":"category","embeddable":true,"href":"https:\/\/www.r2cpress.com.br\/v1\/wp-json\/wp\/v2\/categories?post=68868"},{"taxonomy":"post_tag","embeddable":true,"href":"https:\/\/www.r2cpress.com.br\/v1\/wp-json\/wp\/v2\/tags?post=68868"}],"curies":[{"name":"wp","href":"https:\/\/api.w.org\/{rel}","templated":true}]}}