{"id":68875,"date":"2013-07-15T17:18:11","date_gmt":"2013-07-15T20:18:11","guid":{"rendered":"http:\/\/www.r2cpress.com.br\/v1\/?p=68875"},"modified":"2013-07-15T17:18:11","modified_gmt":"2013-07-15T20:18:11","slug":"feira-de-saude-realizou-consultas-medicas-e-exames-no-bairro-da-conquista","status":"publish","type":"post","link":"https:\/\/www.r2cpress.com.br\/v1\/2013\/07\/15\/feira-de-saude-realizou-consultas-medicas-e-exames-no-bairro-da-conquista\/","title":{"rendered":"Feira de Sa\u00fade realizou consultas m\u00e9dicas e exames no bairro da Conquista"},"content":{"rendered":"<p><em><strong>Al\u00e9m de consultas, foram realizados exames como ultrassonagrafia, verifica\u00e7\u00e3o de press\u00e3o arterial, glicemia e vacina\u00e7\u00e3o.<\/strong><\/em><\/p>\n<p>Cerca de 800 procedimentos m\u00e9dicos e laboratoriais foram realizados durante a Feira de Sa\u00fade promovida no \u00faltimo s\u00e1bado, 13, no bairro da Conquista, atrav\u00e9s de parceria entre a Secretaria Municipal de Sa\u00fade e a Funda\u00e7\u00e3o Jos\u00e9 Silveira. O evento aconteceu na Avenida Brasil, a principal do bairro, ao lado da quadra poliesportiva, das 8 \u00e0s 17 horas, e contou com as presen\u00e7as do prefeito Jabes Ribeiro, deputado federal Antonio Brito, coordenadora da Funda\u00e7\u00e3o Jos\u00e9 Silveira, Edna Ramos, diretora de Aten\u00e7\u00e3o B\u00e1sica da Secretaria de Sa\u00fade, B\u00e1rbara Magalh\u00e3es, superintendente do Fundo Municipal de Sa\u00fade, Jos\u00e9 Antonio Ock\u00e9 e do vereador Luiz Carlos Escuta, entre outros.<br \/>\n<div id=\"attachment_68876\" style=\"width: 510px\" class=\"wp-caption aligncenter\"><a href=\"http:\/\/www.r2cpress.com.br\/v1\/wp-content\/uploads\/Feira-de-Sa\u00fade-realizada-na-Conquista-Foto-Gidelzo-Silva-Secom-Ilh\u00e9us-3.jpg\"><img aria-describedby=\"caption-attachment-68876\" loading=\"lazy\" src=\"http:\/\/www.r2cpress.com.br\/v1\/wp-content\/uploads\/Feira-de-Sa\u00fade-realizada-na-Conquista-Foto-Gidelzo-Silva-Secom-Ilh\u00e9us-3.jpg\" alt=\"Feira de Sa\u00fade realizada na Conquista - Foto Gidelzo Silva (Secom Ilh\u00e9us).\" width=\"500\" height=\"335\" class=\"size-full wp-image-68876\" srcset=\"https:\/\/www.r2cpress.com.br\/v1\/wp-content\/uploads\/Feira-de-Sa\u00fade-realizada-na-Conquista-Foto-Gidelzo-Silva-Secom-Ilh\u00e9us-3.jpg 500w, https:\/\/www.r2cpress.com.br\/v1\/wp-content\/uploads\/Feira-de-Sa\u00fade-realizada-na-Conquista-Foto-Gidelzo-Silva-Secom-Ilh\u00e9us-3-300x201.jpg 300w\" sizes=\"(max-width: 500px) 100vw, 500px\" \/><\/a><p id=\"caption-attachment-68876\" class=\"wp-caption-text\">Feira de Sa\u00fade realizada na Conquista &#8211; Foto Gidelzo Silva (Secom Ilh\u00e9us).<\/p><\/div><br \/>\nA Feira de Sa\u00fade proporcionou atendimento m\u00e9dico em cl\u00ednica geral, pediatria, cardiologia, ginecologia e nutri\u00e7\u00e3o, al\u00e9m de exames como ultrassonagrafia, verifica\u00e7\u00e3o de press\u00e3o arterial, glicemia, vacina\u00e7\u00e3o, entre outros. Na avalia\u00e7\u00e3o da coordenadora da Funda\u00e7\u00e3o Jos\u00e9 Silveira, Edna Ramos, o atendimento \u00e0 comunidade da Conquista foi muito bom, em todas as demandas das especialidades m\u00e9dicas. \u201cTeve gente que conseguiu fazer quatro exames no mesmo dia\u201d, destacou.<\/p>\n<p><!--more--><\/p>\n<p>Edna Ramos tamb\u00e9m ressaltou o apoio da equipe da Secretaria de Sa\u00fade, que uniu esfor\u00e7os para ampliar ainda mais a Feira de Sa\u00fade. Alguns atendimentos tamb\u00e9m foram feitos nas depend\u00eancias da Igreja Batista Lindinop\u00f3lis. Ela ressalva que a finalidade da Funda\u00e7\u00e3o Jos\u00e9 Silveira \u00e9 promover sa\u00fade e assist\u00eancia social em benef\u00edcio da comunidade. Nesta segunda-feira, 15, a feira est\u00e1 sendo realizada na zona sul da cidade, no Centro Integrado de Aten\u00e7\u00e3o a Crian\u00e7a (CAIC), localizado no bairro Hernani S\u00e1.<\/p>\n<p>O prefeito Jabes Ribeiro comentou os esfor\u00e7os do governo para reestruturar a Secretaria Municipal de Sa\u00fade e os programas desenvolvidos atrav\u00e9s do setor. Ele agradeceu pela parceria do deputado federal Antonio Brito, que tem desenvolvido esfor\u00e7os para ampliar a promo\u00e7\u00e3o da sa\u00fade no munic\u00edpio, atrav\u00e9s de aux\u00edlio institucional para a Santa Casa de Miseric\u00f3rdia de Ilh\u00e9us.<\/p>\n<p>Zona Sul \u2013 A Feira de Sa\u00fade acontecer\u00e1, nesta segunda-feira, 15, no Caic at\u00e9 o final da tarde. Al\u00e9m das depend\u00eancias da escola, tr\u00eas unidades m\u00f3veis funcionam na \u00e1rea externa, com seis consult\u00f3rios m\u00e9dicos, e ainda espa\u00e7os para a realiza\u00e7\u00e3o de diversos exames. Para o atendimento m\u00e9dico \u00e9 necess\u00e1ria a apresenta\u00e7\u00e3o do documento de identidade (RG), comprovante de resid\u00eancia e cart\u00e3o do SUS. No caso de ultrassonografia (USG), al\u00e9m dos documentos citados, o paciente deve apresentar tamb\u00e9m a solicita\u00e7\u00e3o do exame.<\/p>\n<p>&#8212;<br \/>\nSecretaria de Comunica\u00e7\u00e3o Social (Secom)<br \/>\nIlh\u00e9us \u2013 15.07.2013<\/p>\n","protected":false},"excerpt":{"rendered":"<p>Al\u00e9m de consultas, foram realizados exames como ultrassonagrafia, verifica\u00e7\u00e3o de press\u00e3o arterial, glicemia e vacina\u00e7\u00e3o. Cerca de 800 procedimentos m\u00e9dicos e laboratoriais foram realizados durante a Feira de Sa\u00fade promovida no \u00faltimo s\u00e1bado, 13, no bairro da Conquista, atrav\u00e9s de parceria entre a Secretaria Municipal de Sa\u00fade e a Funda\u00e7\u00e3o Jos\u00e9 Silveira. O evento aconteceu [&hellip;]<\/p>\n","protected":false},"author":2,"featured_media":0,"comment_status":"open","ping_status":"open","sticky":false,"template":"","format":"standard","meta":{"_links_to":"","_links_to_target":""},"categories":[23],"tags":[],"_links":{"self":[{"href":"https:\/\/www.r2cpress.com.br\/v1\/wp-json\/wp\/v2\/posts\/68875"}],"collection":[{"href":"https:\/\/www.r2cpress.com.br\/v1\/wp-json\/wp\/v2\/posts"}],"about":[{"href":"https:\/\/www.r2cpress.com.br\/v1\/wp-json\/wp\/v2\/types\/post"}],"author":[{"embeddable":true,"href":"https:\/\/www.r2cpress.com.br\/v1\/wp-json\/wp\/v2\/users\/2"}],"replies":[{"embeddable":true,"href":"https:\/\/www.r2cpress.com.br\/v1\/wp-json\/wp\/v2\/comments?post=68875"}],"version-history":[{"count":2,"href":"https:\/\/www.r2cpress.com.br\/v1\/wp-json\/wp\/v2\/posts\/68875\/revisions"}],"predecessor-version":[{"id":68878,"href":"https:\/\/www.r2cpress.com.br\/v1\/wp-json\/wp\/v2\/posts\/68875\/revisions\/68878"}],"wp:attachment":[{"href":"https:\/\/www.r2cpress.com.br\/v1\/wp-json\/wp\/v2\/media?parent=68875"}],"wp:term":[{"taxonomy":"category","embeddable":true,"href":"https:\/\/www.r2cpress.com.br\/v1\/wp-json\/wp\/v2\/categories?post=68875"},{"taxonomy":"post_tag","embeddable":true,"href":"https:\/\/www.r2cpress.com.br\/v1\/wp-json\/wp\/v2\/tags?post=68875"}],"curies":[{"name":"wp","href":"https:\/\/api.w.org\/{rel}","templated":true}]}}