{"id":6897,"date":"2011-01-18T17:17:57","date_gmt":"2011-01-18T20:17:57","guid":{"rendered":"http:\/\/www.r2cpress.com.br\/v1\/?p=6897"},"modified":"2011-01-18T17:17:57","modified_gmt":"2011-01-18T20:17:57","slug":"associacao-da-comunidade-do-santo-antonio-ilheus","status":"publish","type":"post","link":"https:\/\/www.r2cpress.com.br\/v1\/2011\/01\/18\/associacao-da-comunidade-do-santo-antonio-ilheus\/","title":{"rendered":"Associa\u00e7\u00e3o da Comunidade do Santo Antonio-Ilheus"},"content":{"rendered":"<p>Convite<\/p>\n<p>Associa\u00e7\u00e3o convida todos os amigos da regi\u00e3o e comunidade para est\u00e1 presente no dia 06 de Fevereiro de 2011(Domingo), as 09h00 da Manh\u00e3, para uma reuni\u00e3o na sede da entidade.<br \/>\nA finalidade \u00e9 discutir assuntos pertinentes a BR 251, Ilh\u00e9us-Buerarema e outros assuntos de interesse da comunidade e regi\u00e3o.<\/p>\n<p>Atenciosamente.<\/p>\n<p>                                       Presidente.<br \/>\n                                   Jorge Anuncia\u00e7\u00e3o.<\/p>\n","protected":false},"excerpt":{"rendered":"<p>Convite Associa\u00e7\u00e3o convida todos os amigos da regi\u00e3o e comunidade para est\u00e1 presente no dia 06 de Fevereiro de 2011(Domingo), as 09h00 da Manh\u00e3, para uma reuni\u00e3o na sede da entidade. A finalidade \u00e9 discutir assuntos pertinentes a BR 251, Ilh\u00e9us-Buerarema e outros assuntos de interesse da comunidade e regi\u00e3o. Atenciosamente. Presidente. Jorge Anuncia\u00e7\u00e3o.<\/p>\n","protected":false},"author":2,"featured_media":0,"comment_status":"open","ping_status":"open","sticky":false,"template":"","format":"standard","meta":{"_links_to":"","_links_to_target":""},"categories":[10],"tags":[],"_links":{"self":[{"href":"https:\/\/www.r2cpress.com.br\/v1\/wp-json\/wp\/v2\/posts\/6897"}],"collection":[{"href":"https:\/\/www.r2cpress.com.br\/v1\/wp-json\/wp\/v2\/posts"}],"about":[{"href":"https:\/\/www.r2cpress.com.br\/v1\/wp-json\/wp\/v2\/types\/post"}],"author":[{"embeddable":true,"href":"https:\/\/www.r2cpress.com.br\/v1\/wp-json\/wp\/v2\/users\/2"}],"replies":[{"embeddable":true,"href":"https:\/\/www.r2cpress.com.br\/v1\/wp-json\/wp\/v2\/comments?post=6897"}],"version-history":[{"count":2,"href":"https:\/\/www.r2cpress.com.br\/v1\/wp-json\/wp\/v2\/posts\/6897\/revisions"}],"predecessor-version":[{"id":6899,"href":"https:\/\/www.r2cpress.com.br\/v1\/wp-json\/wp\/v2\/posts\/6897\/revisions\/6899"}],"wp:attachment":[{"href":"https:\/\/www.r2cpress.com.br\/v1\/wp-json\/wp\/v2\/media?parent=6897"}],"wp:term":[{"taxonomy":"category","embeddable":true,"href":"https:\/\/www.r2cpress.com.br\/v1\/wp-json\/wp\/v2\/categories?post=6897"},{"taxonomy":"post_tag","embeddable":true,"href":"https:\/\/www.r2cpress.com.br\/v1\/wp-json\/wp\/v2\/tags?post=6897"}],"curies":[{"name":"wp","href":"https:\/\/api.w.org\/{rel}","templated":true}]}}