{"id":691,"date":"2010-10-24T19:28:03","date_gmt":"2010-10-24T22:28:03","guid":{"rendered":"http:\/\/www.r2cpress.com.br\/v1\/?p=691"},"modified":"2010-10-24T19:28:03","modified_gmt":"2010-10-24T22:28:03","slug":"missa-celebra-os-325-anos-da-irmandade-do-rosario-dos-pretos","status":"publish","type":"post","link":"https:\/\/www.r2cpress.com.br\/v1\/2010\/10\/24\/missa-celebra-os-325-anos-da-irmandade-do-rosario-dos-pretos\/","title":{"rendered":"Missa celebra os 325 anos da irmandade do Ros\u00e1rio dos Pretos"},"content":{"rendered":"<p>Os 325 anos da irmandade de Nossa Senhora do Ros\u00e1rio dos Pretos foi comemorado na manh\u00e3 deste domingo, 24, na missa campal da Igreja de Nossa Senhora do Carmo, no Pelourinho. Cerca de 400 pessoas participaram do evento, celebrado pelo padre S\u00e9rgio Jos\u00e9 Santos. <\/p>\n<p><a href=\"http:\/\/www.r2cpress.com.br\/v1\/wp-content\/uploads\/Ros\u00e1rio-dos-Pretos-2010_SSA.jpg\"><img loading=\"lazy\" src=\"http:\/\/www.r2cpress.com.br\/v1\/wp-content\/uploads\/Ros\u00e1rio-dos-Pretos-2010_SSA-300x212.jpg\" alt=\"\" title=\"Ros\u00e1rio dos Pretos 2010_SSA\" width=\"300\" height=\"212\" class=\"alignnone size-medium wp-image-692\" srcset=\"https:\/\/www.r2cpress.com.br\/v1\/wp-content\/uploads\/Ros\u00e1rio-dos-Pretos-2010_SSA-300x212.jpg 300w, https:\/\/www.r2cpress.com.br\/v1\/wp-content\/uploads\/Ros\u00e1rio-dos-Pretos-2010_SSA.jpg 700w\" sizes=\"(max-width: 300px) 100vw, 300px\" \/><\/a><br \/>\nAp\u00f3s a missa, os devotos seguiram em prociss\u00e3o pelas ruas do Centro Hist\u00f3rico e formaram um ros\u00e1rio vivo no largo do Pelourinho. \u201cEla \u00e9 a grande padroeira dos negros, s\u00e3o 325 anos de resist\u00eancia, \u00e9 muita f\u00e9\u201d, descreve o prior J\u00falio C\u00e9sar Soares, que faz parte da congrega\u00e7\u00e3o h\u00e1 20 anos.<\/p>\n<p>A Igreja de Nossa Senhora do Ros\u00e1rio dos Pretos, que est\u00e1 passando por obras de restaura\u00e7\u00e3o, foi constru\u00edda em 1625 por africanos oriundos da Angola e do Congo. A reforma, de acordo com o Instituto do Patrim\u00f4nio Art\u00edstico e Cultural da Bahia (Ipac), deve terminar em dezembro deste ano. <\/p>\n<p>Os investimentos, da ordem de R$ 2,3 milh\u00f5es, s\u00e3o do Prodetur\/Minist\u00e9rio do Turismo, com financiamento do Banco Interamericano de Desenvolvimento. <\/p>\n<p>Nesta segunda-feira, 25, \u00e0s 9h, acontece a &#8220;Missa dos Antepassados&#8221;, em homenagem aos membros da irmandade que j\u00e1 faleceram. Ap\u00f3s a celebra\u00e7\u00e3o, \u00e9 distribu\u00eddo aos convidados o tradicional bacalhau com toucinho, que remonta \u00e0 revolta dos Mal\u00eas em 1835, quando a irmandade precisava provar que n\u00e3o acobertava os mal\u00eas, mu\u00e7ulmanos que n\u00e3o comiam porco. <\/p>\n<p>Amanda Palma l <a href = \"http:\/\/atarde.com.br\/cidades\/noticia.jsf?id=5640447\" = target = \"_news\"><b>A TARDE*<\/b><\/a><\/p>\n<p>* Com reda\u00e7\u00e3o de Yuri Barreto \/ A Tarde On Line <\/p>\n","protected":false},"excerpt":{"rendered":"<p>Os 325 anos da irmandade de Nossa Senhora do Ros\u00e1rio dos Pretos foi comemorado na manh\u00e3 deste domingo, 24, na missa campal da Igreja de Nossa Senhora do Carmo, no Pelourinho. Cerca de 400 pessoas participaram do evento, celebrado pelo padre S\u00e9rgio Jos\u00e9 Santos. Ap\u00f3s a missa, os devotos seguiram em prociss\u00e3o pelas ruas do [&hellip;]<\/p>\n","protected":false},"author":2,"featured_media":0,"comment_status":"open","ping_status":"open","sticky":false,"template":"","format":"standard","meta":{"_links_to":"","_links_to_target":""},"categories":[28],"tags":[],"_links":{"self":[{"href":"https:\/\/www.r2cpress.com.br\/v1\/wp-json\/wp\/v2\/posts\/691"}],"collection":[{"href":"https:\/\/www.r2cpress.com.br\/v1\/wp-json\/wp\/v2\/posts"}],"about":[{"href":"https:\/\/www.r2cpress.com.br\/v1\/wp-json\/wp\/v2\/types\/post"}],"author":[{"embeddable":true,"href":"https:\/\/www.r2cpress.com.br\/v1\/wp-json\/wp\/v2\/users\/2"}],"replies":[{"embeddable":true,"href":"https:\/\/www.r2cpress.com.br\/v1\/wp-json\/wp\/v2\/comments?post=691"}],"version-history":[{"count":2,"href":"https:\/\/www.r2cpress.com.br\/v1\/wp-json\/wp\/v2\/posts\/691\/revisions"}],"predecessor-version":[{"id":694,"href":"https:\/\/www.r2cpress.com.br\/v1\/wp-json\/wp\/v2\/posts\/691\/revisions\/694"}],"wp:attachment":[{"href":"https:\/\/www.r2cpress.com.br\/v1\/wp-json\/wp\/v2\/media?parent=691"}],"wp:term":[{"taxonomy":"category","embeddable":true,"href":"https:\/\/www.r2cpress.com.br\/v1\/wp-json\/wp\/v2\/categories?post=691"},{"taxonomy":"post_tag","embeddable":true,"href":"https:\/\/www.r2cpress.com.br\/v1\/wp-json\/wp\/v2\/tags?post=691"}],"curies":[{"name":"wp","href":"https:\/\/api.w.org\/{rel}","templated":true}]}}