{"id":6910,"date":"2011-01-18T19:37:09","date_gmt":"2011-01-18T22:37:09","guid":{"rendered":"http:\/\/www.r2cpress.com.br\/v1\/?p=6910"},"modified":"2011-01-18T19:37:09","modified_gmt":"2011-01-18T22:37:09","slug":"delegado-confirma-reconstituicao-do-crime-das-decapitadas","status":"publish","type":"post","link":"https:\/\/www.r2cpress.com.br\/v1\/2011\/01\/18\/delegado-confirma-reconstituicao-do-crime-das-decapitadas\/","title":{"rendered":"Delegado confirma reconstitui\u00e7\u00e3o do crime das decapitadas"},"content":{"rendered":"<p><em><strong>A reconstitui\u00e7\u00e3o deve ocorrer nos pr\u00f3ximos dias, mas a data n\u00e3o foi revelada<\/strong><\/em><\/p>\n<p><img loading=\"lazy\" alt=\"\" src=\"http:\/\/www.correio24horas.com.br\/uploads\/tx_templavoila\/jovens_decapi_1_.jpg\" title=\"Foto: Reprodu\u00e7\u00e3o\" class=\"alignleft\" width=\"260\" height=\"110\" \/>O delegado da 4\u00aa Delegacia (S\u00e3o Caetano), Omar Andrade, declarou nesta ter\u00e7a-feira (18) que est\u00e1 confirmada a reconstitui\u00e7\u00e3o do crime das decapitadas.<\/p>\n<p>A reconstitui\u00e7\u00e3o deve ocorrer nos pr\u00f3ximos dias, mas a data n\u00e3o foi revelada para n\u00e3o atrapalhar as investiga\u00e7\u00f5es. Ainda segundo o delegado, a presen\u00e7a dos acusados n\u00e3o est\u00e1 confirmada.<\/p>\n<p><strong><br \/>\nEntenda o crime<\/strong><br \/>\nAs duas meninas, as estudantes Gabriela Alves Nunes, de 13 anos, e Jana\u00edna Cristina Brito Concei\u00e7\u00e3o, de 16 anos, foram encontradas decapitadas na Avenida San Martin. A pol\u00edcia descobriu que elas foram mortas em uma casa em constru\u00e7\u00e3o na Nova Divin\u00e9ia e tiveram os corpos abandonados na San Martin para despistar a pol\u00edcia.<\/p>\n<p>Segundo depoimentos dos envolvidos, as meninas foram mortas pois teriam rela\u00e7\u00f5es com traficantes do Engenho Velho da Federa\u00e7\u00e3o, rivais dos acusados.<br \/>\nOs acusados do crime s\u00e3o Alex Santos e Silva, de 21 anos, mais conhecido como  &#8216;Lequinho&#8217;, Danilo Rocha de Carvalho, 18, conhecido como &#8216;Cacaroto&#8217;, Jarbas Cristiano Chaves de Souza e Adriano Silva Nunes. <\/p>\n<p>V\u00edtor Santos de Almeida, o &#8216;Branco&#8217;, morreu em uma a\u00e7\u00e3o da pol\u00edcia. Risovaldo Hora Costa, o Riso, de 20 anos, continua preso, assim como os demais acusados, mas n\u00e3o foi indiciado pois a investiga\u00e7\u00e3o concluiu que ele n\u00e3o particiou dos assassinatos.<\/p>\n<p>&#8212;<br \/>\nReda\u00e7\u00e3o <a href = \"http:\/\/www.correio24horas.com.br\/noticias\/detalhes\/detalhes-1\/artigo\/delegado-confirma-reconstituicao-do-crime-das-decapitadas\/\" target = \"_news\"><b>CORREIO DA BAHIA<\/b><\/a><\/p>\n","protected":false},"excerpt":{"rendered":"<p>A reconstitui\u00e7\u00e3o deve ocorrer nos pr\u00f3ximos dias, mas a data n\u00e3o foi revelada O delegado da 4\u00aa Delegacia (S\u00e3o Caetano), Omar Andrade, declarou nesta ter\u00e7a-feira (18) que est\u00e1 confirmada a reconstitui\u00e7\u00e3o do crime das decapitadas. A reconstitui\u00e7\u00e3o deve ocorrer nos pr\u00f3ximos dias, mas a data n\u00e3o foi revelada para n\u00e3o atrapalhar as investiga\u00e7\u00f5es. Ainda segundo [&hellip;]<\/p>\n","protected":false},"author":2,"featured_media":0,"comment_status":"open","ping_status":"open","sticky":false,"template":"","format":"standard","meta":{"_links_to":"","_links_to_target":""},"categories":[25],"tags":[],"_links":{"self":[{"href":"https:\/\/www.r2cpress.com.br\/v1\/wp-json\/wp\/v2\/posts\/6910"}],"collection":[{"href":"https:\/\/www.r2cpress.com.br\/v1\/wp-json\/wp\/v2\/posts"}],"about":[{"href":"https:\/\/www.r2cpress.com.br\/v1\/wp-json\/wp\/v2\/types\/post"}],"author":[{"embeddable":true,"href":"https:\/\/www.r2cpress.com.br\/v1\/wp-json\/wp\/v2\/users\/2"}],"replies":[{"embeddable":true,"href":"https:\/\/www.r2cpress.com.br\/v1\/wp-json\/wp\/v2\/comments?post=6910"}],"version-history":[{"count":3,"href":"https:\/\/www.r2cpress.com.br\/v1\/wp-json\/wp\/v2\/posts\/6910\/revisions"}],"predecessor-version":[{"id":6913,"href":"https:\/\/www.r2cpress.com.br\/v1\/wp-json\/wp\/v2\/posts\/6910\/revisions\/6913"}],"wp:attachment":[{"href":"https:\/\/www.r2cpress.com.br\/v1\/wp-json\/wp\/v2\/media?parent=6910"}],"wp:term":[{"taxonomy":"category","embeddable":true,"href":"https:\/\/www.r2cpress.com.br\/v1\/wp-json\/wp\/v2\/categories?post=6910"},{"taxonomy":"post_tag","embeddable":true,"href":"https:\/\/www.r2cpress.com.br\/v1\/wp-json\/wp\/v2\/tags?post=6910"}],"curies":[{"name":"wp","href":"https:\/\/api.w.org\/{rel}","templated":true}]}}