{"id":69335,"date":"2013-07-25T19:26:09","date_gmt":"2013-07-25T22:26:09","guid":{"rendered":"http:\/\/www.r2cpress.com.br\/v1\/?p=69335"},"modified":"2013-07-25T19:26:09","modified_gmt":"2013-07-25T22:26:09","slug":"nota-publica-em-defesa-de-ilheus","status":"publish","type":"post","link":"https:\/\/www.r2cpress.com.br\/v1\/2013\/07\/25\/nota-publica-em-defesa-de-ilheus\/","title":{"rendered":"Nota p\u00fablica em defesa de Ilh\u00e9us"},"content":{"rendered":"<p>A atual conjuntura de transforma\u00e7\u00e3o pol\u00edtica pela qual passa o Estado Brasileiro tem dado exemplo aos governantes de como o povo quer que seja gerida a coisa p\u00fablica. A popula\u00e7\u00e3o de Ilh\u00e9us n\u00e3o ficou \u00e0 margem desse processo e tamb\u00e9m foi \u00e0s ruas exigir que demandas populares sejam atendidas. Os partidos pol\u00edticos infra-assinados, juntamente com a sua milit\u00e2ncia de jovens mulheres e segmentos sociais, v\u00eam a p\u00fablico dizer que est\u00e3o atentos \u00e0s vozes das ruas e em resposta a isso emitema seguinte nota p\u00fablicaem defesa de Ilh\u00e9us.   <\/p>\n<p>\u00c9 conhecido de toda a popula\u00e7\u00e3o ilheense o estado de sucateamento dos servi\u00e7os e das finan\u00e7as p\u00fablicas municipais, depois de anos de irresponsabilidade fiscal e falta de compromisso com os cidad\u00e3os, comprovados pela reprova\u00e7\u00e3o das contas do Poder Executivo Municipal pelo Tribunal de Contas dos Munic\u00edpios por cinco vezes consecutivas.<\/p>\n<p>Tal estado calamitoso de coisas tem colocado a administra\u00e7\u00e3o p\u00fablica em situa\u00e7\u00e3o de pen\u00faria, com aus\u00eancia de recursos para investimentos em \u00e1reas essenciais como educa\u00e7\u00e3o, sa\u00fade, pavimenta\u00e7\u00e3o, mobilidade urbana, ilumina\u00e7\u00e3o p\u00fablica e moderniza\u00e7\u00e3o, al\u00e9m de impossibilitar as concess\u00f5es de melhorias nas condi\u00e7\u00f5es de vida dos servidores municipais de Ilh\u00e9us.<\/p>\n<p>Para alavancar o retorno da cidade aos bons trilhos administrativos, o Poder Executivo tem envidado esfor\u00e7os no sentido de cortar gastos e reduzir despesas, al\u00e9m de buscar novas fontes de custeio da m\u00e1quina p\u00fablica, inclusive buscando obras e recursos junto aos Governos Federal e Estadual.<\/p>\n<p>No momento os servidores municipais est\u00e3o em greve e setores da sociedade civil e da juventude lutam por mudan\u00e7as no transporte e redu\u00e7\u00e3o dos pre\u00e7os das passagens. O governo municipal respondeu com a proposta de abrir todos os dados e estabelecer uma comiss\u00e3o com a participa\u00e7\u00e3o dos sindicatos, da C\u00e2mara de vereadores, e institui\u00e7\u00f5es independentes, para avaliar o \u00edndice de comprometimento das receitas do munic\u00edpio com a folha de pagamento em rela\u00e7\u00e3o \u00e0 Lei de Responsabilidade Fiscal, centro das diverg\u00eancias da campanha salarial dos servidores, e, a partir da\u00ed, definir quais solu\u00e7\u00f5es ser\u00e3o poss\u00edveis.<\/p>\n<p>Tamb\u00e9m prop\u00f4s estabelecer outra comiss\u00e3o com as mesmas caracter\u00edsticas da primeira, incluindo-se o movimento reivindicat\u00f3rio para avaliar planilhas e balancetes das empresas de transporte coletivo e ent\u00e3o definir sobre a viabilidade ou n\u00e3o da redu\u00e7\u00e3o da passagem, al\u00e9m de outras medidas cab\u00edveis para a melhoria da qualidade do servi\u00e7o.<\/p>\n<p>Consideramos tais medidas positivas e as apoiamos, pois apontam para a transpar\u00eancia e o di\u00e1logo democr\u00e1tico, essenciais para o \u00eaxito de qualquer administra\u00e7\u00e3o no Brasil. Entendemos que esse passo \u00e9 fundamental, inclusive para se ouvir as sugest\u00f5es dos servidores para a redu\u00e7\u00e3o de despesas e aumento de receitas, essenciais para evitar demiss\u00f5es e possibilitar a valoriza\u00e7\u00e3o salarial dos profissionais, se n\u00e3o imediatamente, mas assim que houver possibilidade legal, conforme afirmado pelo prefeito quando prop\u00f4s as comiss\u00f5es.<\/p>\n<p>A cidade de Ilh\u00e9us deve estar em primeiro lugar, o amadorismo com que foi conduzida a cidade impediu que o munic\u00edpio investisse no seu bem mais precioso: o seu povo.<\/p>\n<p>O mero esfor\u00e7o unilateral do Governo Municipal n\u00e3o ser\u00e1 suficiente, caso n\u00e3o venha acompanhado de um compromisso de todos os envolvidos e comprometidos com a qualidade dos servi\u00e7os p\u00fablico e o desenvolvimento sustent\u00e1vel da cidade.<\/p>\n<p>Desse modo conclamamos toda a sociedade nesse esfor\u00e7o comum para supera\u00e7\u00e3o das dificuldades imensas, que acreditamos moment\u00e2nea.<\/p>\n<p>Assinam essa nota: Partido Progressista \u2013 PP, Partido do Movimento Democr\u00e1tico Brasileiro \u2013 PMDB,Partido Comunista do Brasil \u2013 PCdoB, o Partido Republicano Brasileiro \u2013 PRB, Partido Socialista Brasileiro \u2013 PSB,  Partido Democr\u00e1tico Trabalhista \u2013 PDT, Partido da Social Democracia Brasileira \u2013 PSDB, Partido Democratas \u2013 DEM.<\/p>\n","protected":false},"excerpt":{"rendered":"<p>A atual conjuntura de transforma\u00e7\u00e3o pol\u00edtica pela qual passa o Estado Brasileiro tem dado exemplo aos governantes de como o povo quer que seja gerida a coisa p\u00fablica. A popula\u00e7\u00e3o de Ilh\u00e9us n\u00e3o ficou \u00e0 margem desse processo e tamb\u00e9m foi \u00e0s ruas exigir que demandas populares sejam atendidas. Os partidos pol\u00edticos infra-assinados, juntamente com [&hellip;]<\/p>\n","protected":false},"author":2,"featured_media":0,"comment_status":"open","ping_status":"open","sticky":false,"template":"","format":"standard","meta":{"_links_to":"","_links_to_target":""},"categories":[23],"tags":[],"_links":{"self":[{"href":"https:\/\/www.r2cpress.com.br\/v1\/wp-json\/wp\/v2\/posts\/69335"}],"collection":[{"href":"https:\/\/www.r2cpress.com.br\/v1\/wp-json\/wp\/v2\/posts"}],"about":[{"href":"https:\/\/www.r2cpress.com.br\/v1\/wp-json\/wp\/v2\/types\/post"}],"author":[{"embeddable":true,"href":"https:\/\/www.r2cpress.com.br\/v1\/wp-json\/wp\/v2\/users\/2"}],"replies":[{"embeddable":true,"href":"https:\/\/www.r2cpress.com.br\/v1\/wp-json\/wp\/v2\/comments?post=69335"}],"version-history":[{"count":2,"href":"https:\/\/www.r2cpress.com.br\/v1\/wp-json\/wp\/v2\/posts\/69335\/revisions"}],"predecessor-version":[{"id":69337,"href":"https:\/\/www.r2cpress.com.br\/v1\/wp-json\/wp\/v2\/posts\/69335\/revisions\/69337"}],"wp:attachment":[{"href":"https:\/\/www.r2cpress.com.br\/v1\/wp-json\/wp\/v2\/media?parent=69335"}],"wp:term":[{"taxonomy":"category","embeddable":true,"href":"https:\/\/www.r2cpress.com.br\/v1\/wp-json\/wp\/v2\/categories?post=69335"},{"taxonomy":"post_tag","embeddable":true,"href":"https:\/\/www.r2cpress.com.br\/v1\/wp-json\/wp\/v2\/tags?post=69335"}],"curies":[{"name":"wp","href":"https:\/\/api.w.org\/{rel}","templated":true}]}}