{"id":69485,"date":"2013-07-29T11:58:37","date_gmt":"2013-07-29T14:58:37","guid":{"rendered":"http:\/\/www.r2cpress.com.br\/v1\/?p=69485"},"modified":"2013-07-29T11:58:37","modified_gmt":"2013-07-29T14:58:37","slug":"nao-tenho-facebook-afirma-vila-nova","status":"publish","type":"post","link":"https:\/\/www.r2cpress.com.br\/v1\/2013\/07\/29\/nao-tenho-facebook-afirma-vila-nova\/","title":{"rendered":"\u201cN\u00c3O TENHO FACEBOOK\u201d, AFIRMA VILA NOVA"},"content":{"rendered":"<h2><small>Postado por Editor em <abbr title=\"2013-07-29T11:32:43+0000\">29 de julho de 2013 \u2013 11:32<\/abbr> &#8211; <\/small><\/h2>\n<p><img loading=\"lazy\" class=\"aligncenter\" alt=\"\" src=\"http:\/\/www.rahuldesai.com\/Portals\/125\/images\/No%20Facebook.jpg\" width=\"231\" height=\"150\" \/><\/p>\n<p>Um perfil falso, denominado de \u201c<a href=\"https:\/\/www.facebook.com\/vilanova.dotabuleiro\" target=\"_blank\">Vila Nova do O Tabuleiro<\/a>\u201c, foi criado na rede social Facebook. O respons\u00e1vel pela conta, ainda n\u00e3o identificado, utiliza uma foto do comunicador Vila Nova para publicar mensagens em seu nome.<\/p>\n<p>Al\u00e9m disso, o usu\u00e1rio adicionou como amigo v\u00e1rias pessoas, dentre elas, autoridades e profissionais de comunica\u00e7\u00e3o.<\/p>\n<p>Na edi\u00e7\u00e3o de hoje (29) do programa O Tabuleiro, Vila Nova alertou os ouvintes para o fato. \u201cEu n\u00e3o tenho Facebook pessoal. \u00c9 uma escolha minha\u201d, enfatizou.<\/p>\n<p>Vila Nova disse que tomar\u00e1 provid\u00eancias, por meios legais, para desativar o perfil.\u00a0Vale lembrar que apenas \u00a0pograma O Tabuleiro, apresentado por ele na Conquista FM, possui uma conta oficial na rede. <a href=\"https:\/\/www.facebook.com\/OTabuleiro\" target=\"_blank\">Clique aqui<\/a>\u00a0para acess\u00e1-la e <a href=\"http:\/\/www.otabuleiro.com.br\/blog\/wp-content\/uploads\/2013\/07\/fala_vilanova29.mp3\">aqui<\/a>\u00a0para ouvir o alerta na edi\u00e7\u00e3o de hoje do programa.<\/p>\n","protected":false},"excerpt":{"rendered":"<p>Postado por Editor em 29 de julho de 2013 \u2013 11:32 &#8211; Um perfil falso, denominado de \u201cVila Nova do O Tabuleiro\u201c, foi criado na rede social Facebook. O respons\u00e1vel pela conta, ainda n\u00e3o identificado, utiliza uma foto do comunicador Vila Nova para publicar mensagens em seu nome. Al\u00e9m disso, o usu\u00e1rio adicionou como amigo [&hellip;]<\/p>\n","protected":false},"author":2,"featured_media":0,"comment_status":"open","ping_status":"open","sticky":false,"template":"","format":"standard","meta":{"_links_to":"","_links_to_target":""},"categories":[10],"tags":[],"_links":{"self":[{"href":"https:\/\/www.r2cpress.com.br\/v1\/wp-json\/wp\/v2\/posts\/69485"}],"collection":[{"href":"https:\/\/www.r2cpress.com.br\/v1\/wp-json\/wp\/v2\/posts"}],"about":[{"href":"https:\/\/www.r2cpress.com.br\/v1\/wp-json\/wp\/v2\/types\/post"}],"author":[{"embeddable":true,"href":"https:\/\/www.r2cpress.com.br\/v1\/wp-json\/wp\/v2\/users\/2"}],"replies":[{"embeddable":true,"href":"https:\/\/www.r2cpress.com.br\/v1\/wp-json\/wp\/v2\/comments?post=69485"}],"version-history":[{"count":3,"href":"https:\/\/www.r2cpress.com.br\/v1\/wp-json\/wp\/v2\/posts\/69485\/revisions"}],"predecessor-version":[{"id":69488,"href":"https:\/\/www.r2cpress.com.br\/v1\/wp-json\/wp\/v2\/posts\/69485\/revisions\/69488"}],"wp:attachment":[{"href":"https:\/\/www.r2cpress.com.br\/v1\/wp-json\/wp\/v2\/media?parent=69485"}],"wp:term":[{"taxonomy":"category","embeddable":true,"href":"https:\/\/www.r2cpress.com.br\/v1\/wp-json\/wp\/v2\/categories?post=69485"},{"taxonomy":"post_tag","embeddable":true,"href":"https:\/\/www.r2cpress.com.br\/v1\/wp-json\/wp\/v2\/tags?post=69485"}],"curies":[{"name":"wp","href":"https:\/\/api.w.org\/{rel}","templated":true}]}}