{"id":6950,"date":"2011-01-19T13:42:03","date_gmt":"2011-01-19T16:42:03","guid":{"rendered":"http:\/\/www.r2cpress.com.br\/v1\/?p=6950"},"modified":"2011-01-19T13:42:03","modified_gmt":"2011-01-19T16:42:03","slug":"corpos-resgatados-na-regiao-serrana-ja-somam-717","status":"publish","type":"post","link":"https:\/\/www.r2cpress.com.br\/v1\/2011\/01\/19\/corpos-resgatados-na-regiao-serrana-ja-somam-717\/","title":{"rendered":"Corpos resgatados na regi\u00e3o serrana j\u00e1 somam 717"},"content":{"rendered":"<p><strong><br \/>\nRio de Janeiro<\/strong> &#8211; Subiu para 717 o n\u00famero de corpos resgatados na regi\u00e3o serrana fluminense, de acordo com o \u00faltimo balan\u00e7o, divulgado na manh\u00e3 de hoje (19) pela Pol\u00edcia Civil do Rio de Janeiro.<\/p>\n<p>O munic\u00edpio de Nova Friburgo ainda \u00e9 o que registra o maior n\u00famero de mortos em consequ\u00eancia das chuvas que atingiram a regi\u00e3o h\u00e1 uma semana: 338. Em Teres\u00f3polis, os mortos s\u00e3o 292; em Itaipava, distrito do munic\u00edpio de Petr\u00f3polis, 63; em Sumidouro, 19; em S\u00e3o Jos\u00e9 do Vale do Rio Preto, quatro, e em Bom Jardim, uma pessoa morreu.<\/p>\n<p>&#8212;<br \/>\nThais Leit\u00e3o<br \/>\nRep\u00f3rter da <a href = \"http:\/\/agenciabrasil.ebc.com.br\/home;jsessionid=27CA4ABED2FF25D50889891BF5A84E53?p_p_id=56&#038;p_p_lifecycle=0&#038;p_p_state=maximized&#038;p_p_mode=view&#038;p_p_col_id=column-3&#038;p_p_col_count=7&#038;_56_groupId=19523&#038;_56_articleId=3168594\" target = \"_news\"><b>Ag\u00eancia Brasil<\/b><\/a><br \/>\nEdi\u00e7\u00e3o: Talita Cavalcante<\/p>\n","protected":false},"excerpt":{"rendered":"<p>Rio de Janeiro &#8211; Subiu para 717 o n\u00famero de corpos resgatados na regi\u00e3o serrana fluminense, de acordo com o \u00faltimo balan\u00e7o, divulgado na manh\u00e3 de hoje (19) pela Pol\u00edcia Civil do Rio de Janeiro. O munic\u00edpio de Nova Friburgo ainda \u00e9 o que registra o maior n\u00famero de mortos em consequ\u00eancia das chuvas que [&hellip;]<\/p>\n","protected":false},"author":2,"featured_media":0,"comment_status":"open","ping_status":"open","sticky":false,"template":"","format":"standard","meta":{"_links_to":"","_links_to_target":""},"categories":[18],"tags":[],"_links":{"self":[{"href":"https:\/\/www.r2cpress.com.br\/v1\/wp-json\/wp\/v2\/posts\/6950"}],"collection":[{"href":"https:\/\/www.r2cpress.com.br\/v1\/wp-json\/wp\/v2\/posts"}],"about":[{"href":"https:\/\/www.r2cpress.com.br\/v1\/wp-json\/wp\/v2\/types\/post"}],"author":[{"embeddable":true,"href":"https:\/\/www.r2cpress.com.br\/v1\/wp-json\/wp\/v2\/users\/2"}],"replies":[{"embeddable":true,"href":"https:\/\/www.r2cpress.com.br\/v1\/wp-json\/wp\/v2\/comments?post=6950"}],"version-history":[{"count":2,"href":"https:\/\/www.r2cpress.com.br\/v1\/wp-json\/wp\/v2\/posts\/6950\/revisions"}],"predecessor-version":[{"id":6952,"href":"https:\/\/www.r2cpress.com.br\/v1\/wp-json\/wp\/v2\/posts\/6950\/revisions\/6952"}],"wp:attachment":[{"href":"https:\/\/www.r2cpress.com.br\/v1\/wp-json\/wp\/v2\/media?parent=6950"}],"wp:term":[{"taxonomy":"category","embeddable":true,"href":"https:\/\/www.r2cpress.com.br\/v1\/wp-json\/wp\/v2\/categories?post=6950"},{"taxonomy":"post_tag","embeddable":true,"href":"https:\/\/www.r2cpress.com.br\/v1\/wp-json\/wp\/v2\/tags?post=6950"}],"curies":[{"name":"wp","href":"https:\/\/api.w.org\/{rel}","templated":true}]}}