{"id":69548,"date":"2013-07-30T17:59:27","date_gmt":"2013-07-30T20:59:27","guid":{"rendered":"http:\/\/www.r2cpress.com.br\/v1\/?p=69548"},"modified":"2013-07-30T17:59:27","modified_gmt":"2013-07-30T20:59:27","slug":"a-entrevista","status":"publish","type":"post","link":"https:\/\/www.r2cpress.com.br\/v1\/2013\/07\/30\/a-entrevista\/","title":{"rendered":"A ENTREVISTA"},"content":{"rendered":"<p><img loading=\"lazy\" class=\"alignright\" alt=\"\" src=\"http:\/\/www.r2cpress.com.br\/v1\/wp-content\/uploads\/zecarlos-r2cpress_reduzida.jpg\" width=\"300\" height=\"207\" \/>Queria ser um jornalista desses retado e inteligente. N\u00e3o sou.<\/p>\n<p>Sou sim apenas um cidad\u00e3o com direitos e deveres no meio da comunidade e posso e devo exprimir minha indigna\u00e7\u00e3o com rela\u00e7\u00e3o as coisas erradas e minha alegria pelos acertos, que infelizmente s\u00e3o t\u00e3o poucos.<\/p>\n<p>Tamb\u00e9m gosto muito da sociologia (estudo das rela\u00e7\u00f5es sociais), da antropologia (estudo do ser humano) e da atividade de jornalismo (\u00e1rea de comunica\u00e7\u00e3o social).<\/p>\n<p>Na verdade, todas tem um papel fundamental na hist\u00f3ria, cada uma do seu jeito e dentro de sua especificidade.<\/p>\n<p>Tenho at\u00e9 hoje uma entrevista dada a um jornal de Itabuna pelo \u00faltimo alcaide da nossa cidade, e uma das frases ali contida fez-me acreditar no seu projeto e l\u00e1 fui todo arrumado votar no tal cidad\u00e3o.<\/p>\n<p>O que aconteceu depois todos sabem e novos fatos est\u00e3o surgindo para lembrar mais da m&#8230;. que fiz juntamente com milhares de ilheenses.<\/p>\n<p>Andando hoje pelo Pontal deparei-me com uma a\u00e7\u00e3o da <b>turma da coura\u00e7a <\/b>distribuindo um panfleto (uma quantidade imensa) contendo uma entrevista do atual alcaide.<\/p>\n<p><!--more--><\/p>\n<p>E a frase t\u00edtulo da entrevista est\u00e1 l\u00e1: <b>\u201cA minha confian\u00e7a est\u00e1 no aprofundamento do di\u00e1logo.\u201d<\/b> O homem \u00e9 bom de frase.<\/p>\n<p>Nas respostas ao questionamento do jornalista do Di\u00e1rio de Ilh\u00e9us, de 26 de julho, tivemos o cuidado de anotar alguns t\u00f3picos.<\/p>\n<p><b>\u201c O gestor afirma que encontrou um quadro grav\u00edssimo nas contas p\u00fablicas e s\u00f3 viu uma sa\u00edda para enfrentar a situa\u00e7\u00e3o, formar com a sociedade um pacto pela cidade, Pacto por Ilh\u00e9us, visando a reconstru\u00e7\u00e3o do munic\u00edpio.\u201d<\/b><\/p>\n<p>Quem conhece o pol\u00edtico JR sabe que ele nunca foi dessa cortesia, \u00e9 sinal que o bagulho que ele encontrou e que tamb\u00e9m ajudou a construir nesses \u00faltimos oito anos, \u00e9 realmente um problem\u00e3o. Ser\u00e1 que com a solu\u00e7\u00e3o do problema ele continuar\u00e1 com o pacto? Duvido e muito. Arrog\u00e2ncia e prepot\u00eancia pol\u00edtica sobem \u00e0 cabe\u00e7a.<\/p>\n<p><b>\u201c A possibilidade de um aumento salarial \u00e9 zero, temos uma folha que consome 70% dos recursos municipais e a lei autoriza o m\u00e1ximo de 54%, sugerimos a cria\u00e7\u00e3o de uma comiss\u00e3o com acompanhamento do MP, OAB, C\u00e2mara Municipal e representa\u00e7\u00f5es dos servidores, para verificarmos os n\u00fameros.\u201d<\/b><\/p>\n<p><b>\u201c N\u00f3s reduzimos em 43% o n\u00famero de cargos comissionados, gerando problemas em alguns setores, tornando a cidade de Ilh\u00e9us enxuta com rela\u00e7\u00e3o aos cargos comissionados.\u201d<\/b><\/p>\n<p>O que se fala e se v\u00ea por a\u00ed \u00e9 a contrata\u00e7\u00e3o desenfreada de pessoas para as secretarias. Havia realmente necessidade? E os servidores da casa n\u00e3o podiam cobrir essa necessidade? A secretaria de rela\u00e7\u00f5es institucionais \u00e9 realmente necess\u00e1ria?<\/p>\n<p><b>\u201c Temos trabalhado muito e os resultados j\u00e1 come\u00e7am a aparecer, in\u00edcio da constru\u00e7\u00e3o da nova ponte; hospital regional no Banco da Vit\u00f3ria; recapeamento alf\u00e1ltico das ruas principais da cidade; requalifica\u00e7\u00e3o da central de abastecimento do Malhado; garantia da realiza\u00e7\u00e3o do saneamento b\u00e1sico de toda a bacia do Pontal; inclus\u00e3o no PAC II de recursos para o Viva o Morro; al\u00e9m de outras obras como a requalifica\u00e7\u00e3o das pra\u00e7as e do teatro municipal, entre outros.\u201d<\/b><\/p>\n<p>Minha gente! S\u00e3o projetos que requerem elabora\u00e7\u00e3o t\u00e9cnica, a\u00e7\u00f5es pol\u00edticas, demora de an\u00e1lise nas esferas federal e estadual, alguns podem se tornar realidade, outros podem se perder pelo caminho, afinal de contas s\u00e3o apenas projetos. Lembram que antes das elei\u00e7\u00f5es j\u00e1 se falava do recapeamento asf\u00e1ltico?<\/p>\n<p><b>\u201c A paralisa\u00e7\u00e3o dos servidores est\u00e1 gerando a impossibilidade de atendimento aos servi\u00e7os p\u00fablicos essenciais, provocando inclusive queda de arrecada\u00e7\u00e3o, portanto, esta \u00e9 a hora de todos trabalharmos e agradecer a sociedade organizada e a todos que est\u00e3o sensibilizados com o atual momento vivido pela cidade, at\u00e9 porque a cidade \u00e9 de todos n\u00f3s.\u201d<\/b><\/p>\n<p>Sem di\u00e1logo e sem fugir da realidade fica muito dif\u00edcil chegar a um entendimento, o alcaide est\u00e1 apostando todas as fichas no tal pacto, s\u00f3 que n\u00e3o vemos ningu\u00e9m do tal pacto esbo\u00e7ar qualquer atitude p\u00fablica em vista da prec\u00e1ria situa\u00e7\u00e3o que a\u00ed se encontra.<\/p>\n<p>Enquanto a Gabriela est\u00e1 descabelada e abandonada ao seu pr\u00f3prio destino, vamos ficar por aqui aguardando novas entrevistas e novas a\u00e7\u00f5es da <b>turma da coura\u00e7a.<\/b><\/p>\n<p><b>Olhe a frase a\u00ed gente! \u201c Foi um compromisso de campanha, \u00e9 um compromisso de governo e \u00e9 um compromisso com a minha vida.\u201d Jabes Souza Ribeiro.<\/b><\/p>\n<p><b>Z\u00c9CARLOS JUNIOR<\/b><\/p>\n","protected":false},"excerpt":{"rendered":"<p>Queria ser um jornalista desses retado e inteligente. N\u00e3o sou. Sou sim apenas um cidad\u00e3o com direitos e deveres no meio da comunidade e posso e devo exprimir minha indigna\u00e7\u00e3o com rela\u00e7\u00e3o as coisas erradas e minha alegria pelos acertos, que infelizmente s\u00e3o t\u00e3o poucos. Tamb\u00e9m gosto muito da sociologia (estudo das rela\u00e7\u00f5es sociais), da [&hellip;]<\/p>\n","protected":false},"author":2,"featured_media":0,"comment_status":"open","ping_status":"open","sticky":false,"template":"","format":"standard","meta":{"_links_to":"","_links_to_target":""},"categories":[10],"tags":[],"_links":{"self":[{"href":"https:\/\/www.r2cpress.com.br\/v1\/wp-json\/wp\/v2\/posts\/69548"}],"collection":[{"href":"https:\/\/www.r2cpress.com.br\/v1\/wp-json\/wp\/v2\/posts"}],"about":[{"href":"https:\/\/www.r2cpress.com.br\/v1\/wp-json\/wp\/v2\/types\/post"}],"author":[{"embeddable":true,"href":"https:\/\/www.r2cpress.com.br\/v1\/wp-json\/wp\/v2\/users\/2"}],"replies":[{"embeddable":true,"href":"https:\/\/www.r2cpress.com.br\/v1\/wp-json\/wp\/v2\/comments?post=69548"}],"version-history":[{"count":2,"href":"https:\/\/www.r2cpress.com.br\/v1\/wp-json\/wp\/v2\/posts\/69548\/revisions"}],"predecessor-version":[{"id":69550,"href":"https:\/\/www.r2cpress.com.br\/v1\/wp-json\/wp\/v2\/posts\/69548\/revisions\/69550"}],"wp:attachment":[{"href":"https:\/\/www.r2cpress.com.br\/v1\/wp-json\/wp\/v2\/media?parent=69548"}],"wp:term":[{"taxonomy":"category","embeddable":true,"href":"https:\/\/www.r2cpress.com.br\/v1\/wp-json\/wp\/v2\/categories?post=69548"},{"taxonomy":"post_tag","embeddable":true,"href":"https:\/\/www.r2cpress.com.br\/v1\/wp-json\/wp\/v2\/tags?post=69548"}],"curies":[{"name":"wp","href":"https:\/\/api.w.org\/{rel}","templated":true}]}}