{"id":69551,"date":"2013-07-30T18:02:50","date_gmt":"2013-07-30T21:02:50","guid":{"rendered":"http:\/\/www.r2cpress.com.br\/v1\/?p=69551"},"modified":"2013-07-30T18:02:50","modified_gmt":"2013-07-30T21:02:50","slug":"conferencia-municipal-de-cultura-em-ilheus-discute-ppa-2014-2017","status":"publish","type":"post","link":"https:\/\/www.r2cpress.com.br\/v1\/2013\/07\/30\/conferencia-municipal-de-cultura-em-ilheus-discute-ppa-2014-2017\/","title":{"rendered":"Confer\u00eancia Municipal de Cultura em Ilh\u00e9us discute PPA 2014-2017"},"content":{"rendered":"<p align=\"center\"><i>Para o Secret\u00e1rio de Cultura, Paulo Atto, as confer\u00eancias s\u00e3o oportunidades para os gestores p\u00fablicos, artistas e sociedade discutirem sobre a\u00e7\u00f5es e pol\u00edticas culturais.\u00a0\u00a0<\/i><\/p>\n<div id=\"attachment_69553\" style=\"width: 510px\" class=\"wp-caption aligncenter\"><a href=\"http:\/\/www.r2cpress.com.br\/v1\/wp-content\/uploads\/Paulo-Atto-Secret\u00e1rio-de-Cultura-Foto-Alfredo-Filho-Secom-Ilh\u00e9us1.jpg\"><img aria-describedby=\"caption-attachment-69553\" loading=\"lazy\" class=\"size-full wp-image-69553\" alt=\"Paulo Atto - Secret\u00e1rio de Cultura - Foto Alfredo Filho - Secom Ilh\u00e9us.\" src=\"http:\/\/www.r2cpress.com.br\/v1\/wp-content\/uploads\/Paulo-Atto-Secret\u00e1rio-de-Cultura-Foto-Alfredo-Filho-Secom-Ilh\u00e9us1.jpg\" width=\"500\" height=\"352\" srcset=\"https:\/\/www.r2cpress.com.br\/v1\/wp-content\/uploads\/Paulo-Atto-Secret\u00e1rio-de-Cultura-Foto-Alfredo-Filho-Secom-Ilh\u00e9us1.jpg 500w, https:\/\/www.r2cpress.com.br\/v1\/wp-content\/uploads\/Paulo-Atto-Secret\u00e1rio-de-Cultura-Foto-Alfredo-Filho-Secom-Ilh\u00e9us1-300x211.jpg 300w\" sizes=\"(max-width: 500px) 100vw, 500px\" \/><\/a><p id=\"caption-attachment-69553\" class=\"wp-caption-text\">Paulo Atto &#8211; Secret\u00e1rio de Cultura &#8211; Foto Alfredo Filho &#8211; Secom Ilh\u00e9us.<\/p><\/div>\n<p><b>\u00a0<\/b>A Prefeitura de Ilh\u00e9us, atrav\u00e9s da Secretaria Municipal de Cultura (Seduc), promove neste final de semana (2 e 3 de agosto), no audit\u00f3rio do Instituto Municipal de Ensino Eus\u00ednio Lavigne (IME), localizado na Avenida Canavieiras, a edi\u00e7\u00e3o 2013 da Confer\u00eancia Municipal de Cultura. O evento, que dever\u00e1 contar com a presen\u00e7a de representantes de diversos segmentos do setor, ser\u00e1 aberto \u00e0s 19 horas, prosseguindo no s\u00e1bado, das 8 \u00e0s 16 horas. Durante a confer\u00eancia, a sociedade ter\u00e1 a oportunidade de discutir o Plano Plurianual (PPA), instrumento que nortear\u00e1 as pol\u00edticas p\u00fablicas da cultura local para os pr\u00f3ximos quatro anos (2014-2017).<\/p>\n<p>O secret\u00e1rio de Cultura de Ilh\u00e9us, Paulo Atto, enfatiza que a proposta \u00e9 que o PPA seja um instrumento de media\u00e7\u00e3o entre a gest\u00e3o e o planejamento do setor, na medida em que consiga articular as pol\u00edticas p\u00fablicas e viabilizar o di\u00e1logo franco com a sociedade e com os governos Estadual e Federal. \u201cTudo isso tornar\u00e1 poss\u00edvel a capta\u00e7\u00e3o de recursos e, consequentemente, a amplia\u00e7\u00e3o das realiza\u00e7\u00f5es governamentais\u201d, reitera o secret\u00e1rio municipal.<\/p>\n<p><b>Pol\u00edticas culturais<\/b><\/p>\n<p><!--more--><\/p>\n<p>Paulo Atto lembra que as confer\u00eancias de cultura s\u00e3o espa\u00e7os de debate e proposi\u00e7\u00e3o de a\u00e7\u00f5es, pol\u00edticas e programas voltados para o campo cultural, sempre com a participa\u00e7\u00e3o de representantes do poder p\u00fablico, da sociedade civil e das comunidades culturais, al\u00e9m de artistas, produtores, agentes e articuladores. \u201cNa verdade, \u00e9 uma das formas da sociedade civil interferir e participar da formula\u00e7\u00e3o e da execu\u00e7\u00e3o das diversas interven\u00e7\u00f5es p\u00fablicas, para garantir uma gest\u00e3o democr\u00e1tica da pol\u00edtica cultural do munic\u00edpio, do estado e do pa\u00eds\u201d, completa, acrescentando que \u201cessas promo\u00e7\u00f5es s\u00e3o, tamb\u00e9m, importantes componentes globais do chamado Sistema de Cultura\u201d.<\/p>\n<p><b>Hist\u00f3rico<\/b>\u00a0\u2013 Na Bahia, a cada dois anos, s\u00e3o realizadas confer\u00eancias estaduais de cultura. A primeira aconteceu em 2005, em Salvador. A partir de 2007, buscou-se realizar as confer\u00eancias estaduais no interior do Estado, a fim de facilitar o di\u00e1logo com e entre os diversos munic\u00edpios, divididas em etapas municipais, territoriais e setoriais.<\/p>\n<p>A segunda Confer\u00eancia Estadual, que abordou o tema \u201cCultura \u00e9 o qu\u00ea?\u201d, foi realizada em 2007 na cidade de Feira de Santana. O munic\u00edpio de Ilh\u00e9us, por sua vez, recebeu, em 2009, a terceira confer\u00eancia, onde, na oportunidade, foi discutido o tema \u201cCultura, diversidade, cidadania e desenvolvimento\u201d. Em 2011, a quarta confer\u00eancia aconteceu em Vit\u00f3ria da Conquista, trazendo o tema central: \u201cPlanejar \u00e9 Preciso \u2013 Consolida\u00e7\u00e3o dos Planos de Cultura\u201d.<\/p>\n<p><b>2013\u00a0<\/b>\u00a0&#8211;\u00a0\u00a0A 5\u00aa Confer\u00eancia Estadual de Cultura da Bahia ocorrer\u00e1 na cidade de Alagoinhas, entre os dias 10 e 13 de outubro. Este ano, o evento dar\u00e1 \u00eanfase para o tema \u201cUma pol\u00edtica de Estado para a cultura: desafios do Sistema Estadual de Cultura\u201d. Com o objetivo de reunir a popula\u00e7\u00e3o para avaliar as pol\u00edticas p\u00fablicas de cultura, esta ser\u00e1 uma confer\u00eancia ainda mais especial, de car\u00e1ter devolutivo, em que ser\u00e3o\u00a0apresentadas as a\u00e7\u00f5es,\u00a0programas, projetos e pol\u00edticas\u00a0realizadas pela Secretaria Estadual de Cultura (Secult), a partir\u00a0\u00a0\u00a0\u00a0\u00a0\u00a0\u00a0\u00a0\u00a0\u00a0\u00a0\u00a0\u00a0\u00a0\u00a0\u00a0\u00a0\u00a0\u00a0\u00a0\u00a0\u00a0de propostas da sociedade civil\u00a0apresentadas nas confer\u00eancias anteriores.<\/p>\n<p>S\u00e3o tr\u00eas as etapas que antecedem a confer\u00eancia estadual: as confer\u00eancias municipais e\/ou Intermunicipais ser\u00e3o realizadas entre 2 de junho e 4 de agosto; a etapa seguinte, que consiste nas confer\u00eancias territoriais, ocorrer\u00e1 de 6 de agosto a 8 de setembro. J\u00e1 as confer\u00eancias setoriais ser\u00e3o realizadas entre os dias 14 a 30 de setembro. A 5\u00aa Confer\u00eancia Estadual de Cultura da Bahia e todas as suas etapas antecedentes integram a III Confer\u00eancia Nacional de Cultura, que acontecer\u00e1 em Bras\u00edlia de 26 a 29 de novembro de 2013.<\/p>\n<p align=\"center\"><b>\u00a0<\/b><\/p>\n<p align=\"center\"><b>Programa\u00e7\u00e3o da Confer\u00eancia Municipal de Cultura de Ilh\u00e9us<\/b><\/p>\n<p>&nbsp;<\/p>\n<p><b>02 DE AGOSTO DE 2013<\/b><\/p>\n<p><b>LOCAL: IME<\/b><\/p>\n<p>19:00 \u2013 Boas Vindas<\/p>\n<p>19:15 \u2013 Abertura<\/p>\n<p>&#8211; Paulo Atto \u2013 Secret\u00e1rio Municipal de Cultura.<\/p>\n<p>&#8211; Josevaldo Machado \u2013 Presidente da C\u00e2mara Municipal de Vereadores\u00a0<b>( a confirmar )<\/b><\/p>\n<p>&#8211; Romualdo Lisboa \u2013 Presidente do Conselho Municipal de Cultura.<\/p>\n<p>19:30 \u2013 Apresenta\u00e7\u00e3o Cultural.<\/p>\n<p>&nbsp;<\/p>\n<p><b>DIA 03 DE AGOSTO DE 2013<\/b><\/p>\n<p><b>LOCAL: IME<\/b><\/p>\n<p>&nbsp;<\/p>\n<p>08:30 \u2013 Abertura do trabalhos da III Confer\u00eancia Municipal de Cultura.<\/p>\n<p>Tema:\u00a0\u00a0\u201cUma pol\u00edtica de estado para a cultura: Desafios do Sistema Municipal de Cultura.\u201d<\/p>\n<p>10:00 Intervalo<\/p>\n<p>10:15 &#8211; Continua\u00e7\u00e3o do Trabalhos da III Confer\u00eancia Municipal de Cultura.<\/p>\n<p>11:00 -Escolha dos Delegados para Confer\u00eancia Territorial e Estadual.<\/p>\n<p>12:15 \u2013 Almo\u00e7o.<\/p>\n<p>14:00 \u2013 Apresenta\u00e7\u00e3o Institucional sobre a Metodologia do PPA &#8211; Municipal.<\/p>\n<p>14:20 \u2013 Trabalho em Grupo \u2013 Planejamento do PPA &#8211; Municipal 2014-2017.<\/p>\n<p>15:00 \u2013 Intervalo.<\/p>\n<p>15:15 \u2013 Retomada dos Trabalhos em Grupos.<\/p>\n<p>16:00 \u2013 Apresenta\u00e7\u00e3o dos Trabalhos dos Grupos na Plen\u00e1ria Final.<\/p>\n<p>&nbsp;<\/p>\n<p><b>Secretaria de Comunica\u00e7\u00e3o Social (Secom)<\/b><\/p>\n<p><b>Ilh\u00e9us \u2013 30.07.2013<\/b><\/p>\n","protected":false},"excerpt":{"rendered":"<p>Para o Secret\u00e1rio de Cultura, Paulo Atto, as confer\u00eancias s\u00e3o oportunidades para os gestores p\u00fablicos, artistas e sociedade discutirem sobre a\u00e7\u00f5es e pol\u00edticas culturais.\u00a0\u00a0 \u00a0A Prefeitura de Ilh\u00e9us, atrav\u00e9s da Secretaria Municipal de Cultura (Seduc), promove neste final de semana (2 e 3 de agosto), no audit\u00f3rio do Instituto Municipal de Ensino Eus\u00ednio Lavigne (IME), [&hellip;]<\/p>\n","protected":false},"author":2,"featured_media":0,"comment_status":"open","ping_status":"open","sticky":false,"template":"","format":"standard","meta":{"_links_to":"","_links_to_target":""},"categories":[23],"tags":[],"_links":{"self":[{"href":"https:\/\/www.r2cpress.com.br\/v1\/wp-json\/wp\/v2\/posts\/69551"}],"collection":[{"href":"https:\/\/www.r2cpress.com.br\/v1\/wp-json\/wp\/v2\/posts"}],"about":[{"href":"https:\/\/www.r2cpress.com.br\/v1\/wp-json\/wp\/v2\/types\/post"}],"author":[{"embeddable":true,"href":"https:\/\/www.r2cpress.com.br\/v1\/wp-json\/wp\/v2\/users\/2"}],"replies":[{"embeddable":true,"href":"https:\/\/www.r2cpress.com.br\/v1\/wp-json\/wp\/v2\/comments?post=69551"}],"version-history":[{"count":4,"href":"https:\/\/www.r2cpress.com.br\/v1\/wp-json\/wp\/v2\/posts\/69551\/revisions"}],"predecessor-version":[{"id":69556,"href":"https:\/\/www.r2cpress.com.br\/v1\/wp-json\/wp\/v2\/posts\/69551\/revisions\/69556"}],"wp:attachment":[{"href":"https:\/\/www.r2cpress.com.br\/v1\/wp-json\/wp\/v2\/media?parent=69551"}],"wp:term":[{"taxonomy":"category","embeddable":true,"href":"https:\/\/www.r2cpress.com.br\/v1\/wp-json\/wp\/v2\/categories?post=69551"},{"taxonomy":"post_tag","embeddable":true,"href":"https:\/\/www.r2cpress.com.br\/v1\/wp-json\/wp\/v2\/tags?post=69551"}],"curies":[{"name":"wp","href":"https:\/\/api.w.org\/{rel}","templated":true}]}}