{"id":69561,"date":"2013-07-30T23:54:08","date_gmt":"2013-07-31T02:54:08","guid":{"rendered":"http:\/\/www.r2cpress.com.br\/v1\/?p=69561"},"modified":"2013-07-30T23:54:08","modified_gmt":"2013-07-31T02:54:08","slug":"teatro-popular-de-ilheus-celebra-18-anos-com-cinco-espetaculos","status":"publish","type":"post","link":"https:\/\/www.r2cpress.com.br\/v1\/2013\/07\/30\/teatro-popular-de-ilheus-celebra-18-anos-com-cinco-espetaculos\/","title":{"rendered":"Teatro Popular de Ilh\u00e9us celebra 18 anos com cinco espet\u00e1culos"},"content":{"rendered":"<p>            Para celebrar seus 18 anos, o Teatro Popular de Ilh\u00e9us (TPI) brindar\u00e1 o p\u00fablico com os cinco espet\u00e1culos do seu repert\u00f3rio. Cada semana de agosto ter\u00e1 uma montagem diferente, com sess\u00f5es de quinta-feira a s\u00e1bado sempre \u00e0s 20 horas, na Tenda montada na Avenida Soares Lopes. Quem puxa a fila \u00e9 a s\u00e1tira em cordel Teodorico Majestade \u2013 as \u00faltimas horas de um prefeito\u00ad, em cartaz nesta semana, entre os dias 1\u00ba e 03. As entradas custam R$20 e R$10. A classifica\u00e7\u00e3o indicativa \u00e9 de 14 anos.<\/p>\n<p>            A Cia. Boi da Cara Preta, N\u00facleo Infanto-juvenil do TPI, apresenta o musical Auto do Boi da Cara Preta entre os dias 08 e 10. A \u00f3pera afro-rock 1789, grande atra\u00e7\u00e3o do m\u00eas de julho, fica em cartaz do dia 15 ao 17 para agradar os maiores de 12 anos. A terceira semana comemorativa ser\u00e1 marcada com outro espet\u00e1culo para crian\u00e7as de todas as idades: Lendas da Lagoa Encantada, de 22 a 24. E, para fechar a s\u00e9rie teatral, a com\u00e9dia O Inspetor Geral, continua\u00e7\u00e3o de Teodorico Majestade, entre os dias 29 e 31, com classifica\u00e7\u00e3o indicativa de 14 anos.<\/p>\n<p>            Para o diretor do Teatro Popular de Ilh\u00e9us, Romualdo Lisboa, trazer todo o repert\u00f3rio \u00e9 uma oportunidade do p\u00fablico conferir a versatilidade est\u00e9tica do grupo. \u201c\u00c9 raro encontrar outra companhia de teatro do interior da Bahia que possua cinco espet\u00e1culos em cartaz com tem\u00e1ticas t\u00e3o distintas e para p\u00fablicos de idades e gostos variados\u201d, afirmou.<\/p>\n<p><!--more--><\/p>\n<p>            Al\u00e9m de muito teatro, o m\u00eas de agosto na Tenda do TPI conta com a segunda edi\u00e7\u00e3o do projeto de interc\u00e2mbio de dan\u00e7a Chamgement. Desta vez, o N\u00facleo de Dan\u00e7a do Teatro Popular de Ilh\u00e9us focar\u00e1 na dan\u00e7a de sal\u00e3o, com oficinas seguidas de mostra coreogr\u00e1fica e bate-papo. Os encontros ser\u00e3o nos dias 14 e 21, a partir das 17 horas. Os interessados devem pagar uma taxa de R$ 10 e reservar suas vagas no local ou ligando para (73) 4102-0580.<\/p>\n<p>            Ainda est\u00e3o abertas inscri\u00e7\u00f5es para cursos e oficinas art\u00edsticas. Atualmente, h\u00e1 vagas para bateria e percuss\u00e3o, dan\u00e7a afro-brasileira, viol\u00e3o e guitarra, acrobacia a\u00e9rea em tecido e capoeira. A novidade do m\u00eas ser\u00e1 a oficina de harmonia e improvisa\u00e7\u00e3o, ministrada pelo professor Ricardo Maciel, no dia 10 das 14 \u00e0s 16 horas. A iniciativa ser\u00e1 gratuita, voltada para todos os instrumentos, abrangendo forma\u00e7\u00e3o de escalas, acordes, campo harm\u00f4nico, modos gregos e arranjos aplicados em m\u00fasica popular.<\/p>\n<p>            Depois de percorrer quatro bairros de Ilh\u00e9us, o Cineclube \u00c9quio Reis retorna \u00e0 Tenda do Teatro Popular de Ilh\u00e9us. O projeto do N\u00facleo de Produ\u00e7\u00e3o Audiovisual do TPI volta a exibir v\u00eddeos produzidos por alunos do curso de Comunica\u00e7\u00e3o Social da Universidade Estadual de Santa Cruz. As proje\u00e7\u00f5es acontecem sempre \u00e0s ter\u00e7as-feiras a partir das 19 horas, com entrada franca.<\/p>\n","protected":false},"excerpt":{"rendered":"<p>Para celebrar seus 18 anos, o Teatro Popular de Ilh\u00e9us (TPI) brindar\u00e1 o p\u00fablico com os cinco espet\u00e1culos do seu repert\u00f3rio. Cada semana de agosto ter\u00e1 uma montagem diferente, com sess\u00f5es de quinta-feira a s\u00e1bado sempre \u00e0s 20 horas, na Tenda montada na Avenida Soares Lopes. Quem puxa a fila \u00e9 a s\u00e1tira em cordel [&hellip;]<\/p>\n","protected":false},"author":2,"featured_media":0,"comment_status":"open","ping_status":"open","sticky":false,"template":"","format":"standard","meta":{"_links_to":"","_links_to_target":""},"categories":[5],"tags":[],"_links":{"self":[{"href":"https:\/\/www.r2cpress.com.br\/v1\/wp-json\/wp\/v2\/posts\/69561"}],"collection":[{"href":"https:\/\/www.r2cpress.com.br\/v1\/wp-json\/wp\/v2\/posts"}],"about":[{"href":"https:\/\/www.r2cpress.com.br\/v1\/wp-json\/wp\/v2\/types\/post"}],"author":[{"embeddable":true,"href":"https:\/\/www.r2cpress.com.br\/v1\/wp-json\/wp\/v2\/users\/2"}],"replies":[{"embeddable":true,"href":"https:\/\/www.r2cpress.com.br\/v1\/wp-json\/wp\/v2\/comments?post=69561"}],"version-history":[{"count":2,"href":"https:\/\/www.r2cpress.com.br\/v1\/wp-json\/wp\/v2\/posts\/69561\/revisions"}],"predecessor-version":[{"id":69563,"href":"https:\/\/www.r2cpress.com.br\/v1\/wp-json\/wp\/v2\/posts\/69561\/revisions\/69563"}],"wp:attachment":[{"href":"https:\/\/www.r2cpress.com.br\/v1\/wp-json\/wp\/v2\/media?parent=69561"}],"wp:term":[{"taxonomy":"category","embeddable":true,"href":"https:\/\/www.r2cpress.com.br\/v1\/wp-json\/wp\/v2\/categories?post=69561"},{"taxonomy":"post_tag","embeddable":true,"href":"https:\/\/www.r2cpress.com.br\/v1\/wp-json\/wp\/v2\/tags?post=69561"}],"curies":[{"name":"wp","href":"https:\/\/api.w.org\/{rel}","templated":true}]}}