{"id":69603,"date":"2013-08-01T08:59:45","date_gmt":"2013-08-01T11:59:45","guid":{"rendered":"http:\/\/www.r2cpress.com.br\/v1\/?p=69603"},"modified":"2013-08-01T08:59:45","modified_gmt":"2013-08-01T11:59:45","slug":"alfredo-amorim-da-silveira-em-10taques-83","status":"publish","type":"post","link":"https:\/\/www.r2cpress.com.br\/v1\/2013\/08\/01\/alfredo-amorim-da-silveira-em-10taques-83\/","title":{"rendered":"Alfredo Amorim da Silveira em \u201c10TAQUES\u201d."},"content":{"rendered":"<div id=\"attachment_69588\" style=\"width: 320px\" class=\"wp-caption aligncenter\"><a href=\"http:\/\/www.r2cpress.com.br\/v1\/wp-content\/uploads\/Manoel-Carlos-Amorim-de-Almeida.jpg\"><img aria-describedby=\"caption-attachment-69588\" loading=\"lazy\" class=\"size-full wp-image-69588\" alt=\"Manoel Carlos Amorim de Almeida\" src=\"http:\/\/www.r2cpress.com.br\/v1\/wp-content\/uploads\/Manoel-Carlos-Amorim-de-Almeida.jpg\" width=\"310\" height=\"310\" srcset=\"https:\/\/www.r2cpress.com.br\/v1\/wp-content\/uploads\/Manoel-Carlos-Amorim-de-Almeida.jpg 310w, https:\/\/www.r2cpress.com.br\/v1\/wp-content\/uploads\/Manoel-Carlos-Amorim-de-Almeida-150x150.jpg 150w, https:\/\/www.r2cpress.com.br\/v1\/wp-content\/uploads\/Manoel-Carlos-Amorim-de-Almeida-300x300.jpg 300w\" sizes=\"(max-width: 310px) 100vw, 310px\" \/><\/a><p id=\"caption-attachment-69588\" class=\"wp-caption-text\">Manoel Carlos Amorim de Almeida<\/p><\/div>\n<p><b><i>\u00a0\u00a0\u00a0\u00a0\u00a0\u00a0\u00a0\u00a0\u00a0\u00a0\u00a0\u00a0\u00a0 <\/i><\/b>Filho de Firmino Eloy de Almeida e Alice Amorim de Almeida nasceu em Ilh\u00e9us em 4 de fevereiro de 1924, era o s\u00e9timo dos irm\u00e3os: Luiza (Lizette) casada com Pedro Ribeiro Filho, Gast\u00e3o, Amilton, Avan\u00ed (Nani), Euler, Jo\u00e3o Alfredo, Dion, Maria Luiza, Henrique e Cesar.<\/p>\n<p>Crian\u00e7a ainda foi estudar com D. Gi\u00f3, que se tornou s\u00f3cia de D. Zefa, e fundaram o col\u00e9gio \u201cAteneu Fernando Caldas\u201d, estudou tamb\u00e9m no General Os\u00f3rio e no Col\u00e9gio Afonso de Carvalho, estudou at\u00e9 o 5\u00ba ano prim\u00e1rio, anos depois foi estudar na Escola Comercial, mas por motivo de audi\u00e7\u00e3o n\u00e3o concluiu o curso.<\/p>\n<p>Aos doze anos foi trabalhar com Davi Barbosa depois com Ruy D\u00f3ria, ambos propriet\u00e1rios de armaz\u00e9ns de secos e molhados, trabalhou no Banco do Distrito Federal, com Indal\u00edcio O. Tavares e na Firma Brand\u00e3o Filhos na compra de cacau e por fim na Copercacau onde se aposentou.<\/p>\n<p>Seu av\u00f4, Alfredo Navarro de Amorim, foi quem lavrou a ata de emancipa\u00e7\u00e3o pol\u00edtica de Ilh\u00e9us.<\/p>\n<p>No dia 8 de setembro de 1953 casou-se com Sarah Albagli de Almeida com quem teve sete filhos: Guilherme, Isaac, Eleonor (Lol\u00f4), Maria Alice, Mirian, Rene\u00e9 e Carlos Eloy.<\/p>\n<p>Ocupou a cadeira 33 da Academia de Letras de Ilh\u00e9us no lugar de Jorge Medauar em 2006, publicou em 1995 o livro \u201cPorto de Ilh\u00e9us e etc., etc., etc., escreveu por mais de sessenta anos em jornais de Salvador e Ilh\u00e9us, depois de sua morte a fam\u00edlia lan\u00e7ou outro livro seu \u201cOs Maximilianos e outras hist\u00f3rias\u201d, uma colet\u00e2nea de ensaios e artigos publicados nos jornais \u201cA Tarde\u201d de Salvador e \u201cDi\u00e1rio de Ilh\u00e9us\u201d.<\/p>\n<p>Um grande lutador por Ilh\u00e9us, lutou pela manuten\u00e7\u00e3o do nome de Ilh\u00e9us na denomina\u00e7\u00e3o do porto internacional da cidade, pela industrializa\u00e7\u00e3o do cacau em Ilh\u00e9us e pela cria\u00e7\u00e3o do Distrito Industrial, fundou a \u201cSociedade de Prote\u00e7\u00e3o ao Patrim\u00f4nio Hist\u00f3rico de Ilh\u00e9us\u201d (SPPHI), a \u201cA\u00e7\u00e3o Solid\u00e1ria Viver Ilh\u00e9us\u201d (ASVIL) associa\u00e7\u00e3o sem fins lucrativos cujo \u00fanico interesse era lutar pelas causas da cidade, grande defensor do Estado de Santa Cruz, um dos fundadores e tamb\u00e9m Presidente do \u201cInstituto Hist\u00f3rico e Geogr\u00e1fico de Ilh\u00e9us\u201d, foi quem acrescentou o \u201cGeogr\u00e1fico\u201d ao Instituto.<\/p>\n<p>Faleceu em 17 de fevereiro de 2009, seu corpo est\u00e1 sepultado no Cemit\u00e9rio de Nossa Senhora da Vit\u00f3ria.<\/p>\n","protected":false},"excerpt":{"rendered":"<p>\u00a0\u00a0\u00a0\u00a0\u00a0\u00a0\u00a0\u00a0\u00a0\u00a0\u00a0\u00a0\u00a0 Filho de Firmino Eloy de Almeida e Alice Amorim de Almeida nasceu em Ilh\u00e9us em 4 de fevereiro de 1924, era o s\u00e9timo dos irm\u00e3os: Luiza (Lizette) casada com Pedro Ribeiro Filho, Gast\u00e3o, Amilton, Avan\u00ed (Nani), Euler, Jo\u00e3o Alfredo, Dion, Maria Luiza, Henrique e Cesar. Crian\u00e7a ainda foi estudar com D. Gi\u00f3, que se [&hellip;]<\/p>\n","protected":false},"author":2,"featured_media":0,"comment_status":"open","ping_status":"open","sticky":false,"template":"","format":"standard","meta":{"_links_to":"","_links_to_target":""},"categories":[10],"tags":[],"_links":{"self":[{"href":"https:\/\/www.r2cpress.com.br\/v1\/wp-json\/wp\/v2\/posts\/69603"}],"collection":[{"href":"https:\/\/www.r2cpress.com.br\/v1\/wp-json\/wp\/v2\/posts"}],"about":[{"href":"https:\/\/www.r2cpress.com.br\/v1\/wp-json\/wp\/v2\/types\/post"}],"author":[{"embeddable":true,"href":"https:\/\/www.r2cpress.com.br\/v1\/wp-json\/wp\/v2\/users\/2"}],"replies":[{"embeddable":true,"href":"https:\/\/www.r2cpress.com.br\/v1\/wp-json\/wp\/v2\/comments?post=69603"}],"version-history":[{"count":3,"href":"https:\/\/www.r2cpress.com.br\/v1\/wp-json\/wp\/v2\/posts\/69603\/revisions"}],"predecessor-version":[{"id":69606,"href":"https:\/\/www.r2cpress.com.br\/v1\/wp-json\/wp\/v2\/posts\/69603\/revisions\/69606"}],"wp:attachment":[{"href":"https:\/\/www.r2cpress.com.br\/v1\/wp-json\/wp\/v2\/media?parent=69603"}],"wp:term":[{"taxonomy":"category","embeddable":true,"href":"https:\/\/www.r2cpress.com.br\/v1\/wp-json\/wp\/v2\/categories?post=69603"},{"taxonomy":"post_tag","embeddable":true,"href":"https:\/\/www.r2cpress.com.br\/v1\/wp-json\/wp\/v2\/tags?post=69603"}],"curies":[{"name":"wp","href":"https:\/\/api.w.org\/{rel}","templated":true}]}}