{"id":69607,"date":"2013-08-01T09:16:38","date_gmt":"2013-08-01T12:16:38","guid":{"rendered":"http:\/\/www.r2cpress.com.br\/v1\/?p=69607"},"modified":"2013-08-01T09:16:38","modified_gmt":"2013-08-01T12:16:38","slug":"esse-verissimo-e-simplesmente-genial","status":"publish","type":"post","link":"https:\/\/www.r2cpress.com.br\/v1\/2013\/08\/01\/esse-verissimo-e-simplesmente-genial\/","title":{"rendered":"Esse Ver\u00edssimo \u00e9 simplesmente genial&#8230;"},"content":{"rendered":"<div>Eu tomo um rem\u00e9dio para controlar a press\u00e3o.<br \/>\nCada dia que vou comprar o dito cujo, o pre\u00e7o aumenta.<br \/>\nControlar a press\u00e3o \u00e9 mole. Quero ver \u00e9 controlar o press\u00e3o.<br \/>\nT\u00f4 sofrendo de press\u00e3o alto.<\/p>\n<p>O m\u00e9dico mandou cortar o sal. Comecei cortando o m\u00e9dico, j\u00e1 que a consulta era salgada demais.<\/p>\n<p>Para piorar, acho que t\u00f4 ficando meio esquizofr\u00eanico. S\u00e9rio!<br \/>\nN\u00e3o sei mais o que \u00e9 real.<br \/>\nPrincipalmente, quando abro a carteira ou pego extrato no banco.<br \/>\nN\u00e3o tem mais um Real.<\/p>\n<p>Sem falar na minha esclerose precoce. Comecei a esquecer as coisas:<br \/>\nSabe aquele carro? Esquece!<br \/>\nAquela viagem? Esquece!<br \/>\nTudo o que o presidente prometeu? Esquece!<\/p>\n<p>Podem dizer que sou hipocondr\u00edaco, mas acho que t\u00f4 igual ao meu time:<br \/>\n&#8211; nas \u00faltimas.<br \/>\nBem, e o que dizer do carioca? J\u00e1 nem liga mais pra bala perdida&#8230;<br \/>\nEntra por um ouvido e sai pelo outro.<\/p>\n<p>Faz diferen\u00e7a&#8230;<br \/>\n&#8220;A diferen\u00e7a entre o Brasil e a Rep\u00fablica Checa \u00e9 que a Rep\u00fablica Checa tem<br \/>\no governo em Praga e o Brasil tem essa praga no governo&#8221;<\/p>\n<p>&#8220;N\u00e3o tem nada pior do que ser hipocondr\u00edaco num pa\u00eds que n\u00e3o tem rem\u00e9dio&#8221;<\/p>\n<p><strong>*Luiz Fernando Ver\u00edssimo<\/strong><\/div>\n","protected":false},"excerpt":{"rendered":"<p>Eu tomo um rem\u00e9dio para controlar a press\u00e3o. Cada dia que vou comprar o dito cujo, o pre\u00e7o aumenta. Controlar a press\u00e3o \u00e9 mole. Quero ver \u00e9 controlar o press\u00e3o. T\u00f4 sofrendo de press\u00e3o alto. O m\u00e9dico mandou cortar o sal. Comecei cortando o m\u00e9dico, j\u00e1 que a consulta era salgada demais. Para piorar, acho [&hellip;]<\/p>\n","protected":false},"author":2,"featured_media":0,"comment_status":"open","ping_status":"open","sticky":false,"template":"","format":"standard","meta":{"_links_to":"","_links_to_target":""},"categories":[10],"tags":[],"_links":{"self":[{"href":"https:\/\/www.r2cpress.com.br\/v1\/wp-json\/wp\/v2\/posts\/69607"}],"collection":[{"href":"https:\/\/www.r2cpress.com.br\/v1\/wp-json\/wp\/v2\/posts"}],"about":[{"href":"https:\/\/www.r2cpress.com.br\/v1\/wp-json\/wp\/v2\/types\/post"}],"author":[{"embeddable":true,"href":"https:\/\/www.r2cpress.com.br\/v1\/wp-json\/wp\/v2\/users\/2"}],"replies":[{"embeddable":true,"href":"https:\/\/www.r2cpress.com.br\/v1\/wp-json\/wp\/v2\/comments?post=69607"}],"version-history":[{"count":2,"href":"https:\/\/www.r2cpress.com.br\/v1\/wp-json\/wp\/v2\/posts\/69607\/revisions"}],"predecessor-version":[{"id":69609,"href":"https:\/\/www.r2cpress.com.br\/v1\/wp-json\/wp\/v2\/posts\/69607\/revisions\/69609"}],"wp:attachment":[{"href":"https:\/\/www.r2cpress.com.br\/v1\/wp-json\/wp\/v2\/media?parent=69607"}],"wp:term":[{"taxonomy":"category","embeddable":true,"href":"https:\/\/www.r2cpress.com.br\/v1\/wp-json\/wp\/v2\/categories?post=69607"},{"taxonomy":"post_tag","embeddable":true,"href":"https:\/\/www.r2cpress.com.br\/v1\/wp-json\/wp\/v2\/tags?post=69607"}],"curies":[{"name":"wp","href":"https:\/\/api.w.org\/{rel}","templated":true}]}}