{"id":69617,"date":"2013-08-01T12:18:00","date_gmt":"2013-08-01T15:18:00","guid":{"rendered":"http:\/\/www.r2cpress.com.br\/v1\/?p=69617"},"modified":"2013-08-01T12:18:00","modified_gmt":"2013-08-01T15:18:00","slug":"mais-de-50-cidades-participam-do-forum-de-oncologia-da-santa-casa-de-itabuna","status":"publish","type":"post","link":"https:\/\/www.r2cpress.com.br\/v1\/2013\/08\/01\/mais-de-50-cidades-participam-do-forum-de-oncologia-da-santa-casa-de-itabuna\/","title":{"rendered":"Mais de 50 cidades participam do F\u00f3rum de Oncologia da Santa Casa de Itabuna"},"content":{"rendered":"<p>Est\u00e1 sendo realizado durante toda o dia de hoje (quinta-feira, 1\u00ba de agosto), o 1\u00ba F\u00f3rum de Oncologia da Santa Casa de Miseric\u00f3rdia de Itabuna, evento que conta com mais de 50 cidades e cerca de 150 representantes. Um intenso debate t\u00e9cnico e de gest\u00e3o sobre a regula\u00e7\u00e3o do paciente oncol\u00f3gico nas regi\u00f5es macro-sul e extremo-sul da Bahia est\u00e1 em andamento no audit\u00f3rio do Hotel Tarik Fontes. Provedoria, corpo cl\u00ednico e gerentes da Santa Casa de Itabuna est\u00e3o lado a lado com secret\u00e1rios de sa\u00fade e t\u00e9cnicos de regula\u00e7\u00e3o da \u00e1rea para afinarem a rela\u00e7\u00e3o entre prestador de servi\u00e7o e gestores municipais.<\/p>\n<div id=\"attachment_69618\" style=\"width: 510px\" class=\"wp-caption aligncenter\"><a href=\"http:\/\/www.r2cpress.com.br\/v1\/wp-content\/uploads\/SCMI-Forum-de-Oncologia.jpg\"><img aria-describedby=\"caption-attachment-69618\" loading=\"lazy\" src=\"http:\/\/www.r2cpress.com.br\/v1\/wp-content\/uploads\/SCMI-Forum-de-Oncologia.jpg\" alt=\"SCMI - Forum de Oncologia\" width=\"500\" height=\"332\" class=\"size-full wp-image-69618\" srcset=\"https:\/\/www.r2cpress.com.br\/v1\/wp-content\/uploads\/SCMI-Forum-de-Oncologia.jpg 500w, https:\/\/www.r2cpress.com.br\/v1\/wp-content\/uploads\/SCMI-Forum-de-Oncologia-300x199.jpg 300w\" sizes=\"(max-width: 500px) 100vw, 500px\" \/><\/a><p id=\"caption-attachment-69618\" class=\"wp-caption-text\">SCMI &#8211; Forum de Oncologia<\/p><\/div>\n<p>Prestigiaram a abertura do F\u00f3rum de Oncologia, al\u00e9m do provedor Eric Ettinger, e do vice-provedor, Almir Alexandrino; a representante da 7\u00aa Dires, Mariza Eduane Costa Pinheiro; o vice-prefeito de Itabuna, Wenceslau J\u00fanior; o presidente do Corpo Cl\u00ednico da SCMI, Eduardo Kowalski; o coordenador do Servi\u00e7o de Oncologia, Garrick Cecil Pereira; al\u00e9m da gerente SUS, Eliane Vianna.<\/p>\n<div id=\"attachment_69619\" style=\"width: 510px\" class=\"wp-caption aligncenter\"><a href=\"http:\/\/www.r2cpress.com.br\/v1\/wp-content\/uploads\/SCMI-Forum-de-Oncologia-em-Itabuna-.jpg\"><img aria-describedby=\"caption-attachment-69619\" loading=\"lazy\" src=\"http:\/\/www.r2cpress.com.br\/v1\/wp-content\/uploads\/SCMI-Forum-de-Oncologia-em-Itabuna-.jpg\" alt=\"SCMI - Forum de Oncologia em Itabuna\" width=\"500\" height=\"282\" class=\"size-full wp-image-69619\" srcset=\"https:\/\/www.r2cpress.com.br\/v1\/wp-content\/uploads\/SCMI-Forum-de-Oncologia-em-Itabuna-.jpg 500w, https:\/\/www.r2cpress.com.br\/v1\/wp-content\/uploads\/SCMI-Forum-de-Oncologia-em-Itabuna--300x169.jpg 300w\" sizes=\"(max-width: 500px) 100vw, 500px\" \/><\/a><p id=\"caption-attachment-69619\" class=\"wp-caption-text\">SCMI &#8211; Forum de Oncologia em Itabuna<\/p><\/div>\n<p>O provedor Eric Ettinger agradeceu as presen\u00e7as e as parcerias estabelecidas para a realiza\u00e7\u00e3o do evento, citando a Caixa Econ\u00f4mica Federal, AMURC, todas as Dires participantes, al\u00e9m da Funcepes e Secretaria Municipal de Sa\u00fade. \u201cH\u00e1 algum tempo j\u00e1 sonh\u00e1vamos com a realiza\u00e7\u00e3o deste F\u00f3rum que s\u00f3 foi poss\u00edvel agora, com o apoio da atual gest\u00e3o executiva da Prefeitura de Itabuna\u201d, declarou Eric. Ainda em seu pronunciamento, Eric Ettinger enfatizou a import\u00e2ncia do F\u00f3rum e anunciou um pr\u00f3ximo evento neste mesmo modelo para outubro. \u201cPretendemos realizar o F\u00f3rum de Cardiologia e temos uma expectativa de, em no m\u00e1ximo um ano, estarmos realizando cirurgia card\u00edaca pedi\u00e1trica\u201d    <\/p>\n<p>Segundo o vice-prefeito de Itabuna, Wenceslau J\u00fanior, a Santa Casa de Miseric\u00f3rdia de Itabuna est\u00e1 de parab\u00e9ns pela realiza\u00e7\u00e3o do F\u00f3rum de Oncologia, tendo em vista a import\u00e2ncia dos hospitais da institui\u00e7\u00e3o para amenizar a crise que vive a sa\u00fade n\u00e3o somente na regi\u00e3o, mas em n\u00edvel nacional. A representante da Sesab presente no evento, Mariza Eduane, reafirmou a parceria s\u00f3lida entre a SESAB e a Santa casa de Miseric\u00f3rdia de Itabuna, parabenizou o evento e lembrou a import\u00e2ncia do formato realizado. \u201cUm momento n\u00e3o somente para revisar o fluxo e a regula\u00e7\u00e3o do SUS, mas tamb\u00e9m de capacita\u00e7\u00e3o t\u00e9cnica para a assist\u00eancia\u201d, declarou Mariza.<br \/>\n<div id=\"attachment_69620\" style=\"width: 510px\" class=\"wp-caption aligncenter\"><a href=\"http:\/\/www.r2cpress.com.br\/v1\/wp-content\/uploads\/SCMI-Forum-de-Oncologia-em-Itabuna-3.jpg\"><img aria-describedby=\"caption-attachment-69620\" loading=\"lazy\" src=\"http:\/\/www.r2cpress.com.br\/v1\/wp-content\/uploads\/SCMI-Forum-de-Oncologia-em-Itabuna-3.jpg\" alt=\"SCMI - Forum de Oncologia em Itabuna  (3)\" width=\"500\" height=\"332\" class=\"size-full wp-image-69620\" srcset=\"https:\/\/www.r2cpress.com.br\/v1\/wp-content\/uploads\/SCMI-Forum-de-Oncologia-em-Itabuna-3.jpg 500w, https:\/\/www.r2cpress.com.br\/v1\/wp-content\/uploads\/SCMI-Forum-de-Oncologia-em-Itabuna-3-300x199.jpg 300w\" sizes=\"(max-width: 500px) 100vw, 500px\" \/><\/a><p id=\"caption-attachment-69620\" class=\"wp-caption-text\">SCMI &#8211; Forum de Oncologia em Itabuna  (3)<\/p><\/div><br \/>\nO evento segue durante todo o dia com mesas de discuss\u00f5es entre gestores e palestras t\u00e9cnicas. Ao todo, 11 m\u00e9dicos especialistas convidados ministraram palestras sobre os tipos de c\u00e2ncer prevalentes, preven\u00e7\u00e3o e tratamento da doen\u00e7a.<\/p>\n","protected":false},"excerpt":{"rendered":"<p>Est\u00e1 sendo realizado durante toda o dia de hoje (quinta-feira, 1\u00ba de agosto), o 1\u00ba F\u00f3rum de Oncologia da Santa Casa de Miseric\u00f3rdia de Itabuna, evento que conta com mais de 50 cidades e cerca de 150 representantes. Um intenso debate t\u00e9cnico e de gest\u00e3o sobre a regula\u00e7\u00e3o do paciente oncol\u00f3gico nas regi\u00f5es macro-sul e [&hellip;]<\/p>\n","protected":false},"author":2,"featured_media":0,"comment_status":"open","ping_status":"open","sticky":false,"template":"","format":"standard","meta":{"_links_to":"","_links_to_target":""},"categories":[15],"tags":[],"_links":{"self":[{"href":"https:\/\/www.r2cpress.com.br\/v1\/wp-json\/wp\/v2\/posts\/69617"}],"collection":[{"href":"https:\/\/www.r2cpress.com.br\/v1\/wp-json\/wp\/v2\/posts"}],"about":[{"href":"https:\/\/www.r2cpress.com.br\/v1\/wp-json\/wp\/v2\/types\/post"}],"author":[{"embeddable":true,"href":"https:\/\/www.r2cpress.com.br\/v1\/wp-json\/wp\/v2\/users\/2"}],"replies":[{"embeddable":true,"href":"https:\/\/www.r2cpress.com.br\/v1\/wp-json\/wp\/v2\/comments?post=69617"}],"version-history":[{"count":2,"href":"https:\/\/www.r2cpress.com.br\/v1\/wp-json\/wp\/v2\/posts\/69617\/revisions"}],"predecessor-version":[{"id":69622,"href":"https:\/\/www.r2cpress.com.br\/v1\/wp-json\/wp\/v2\/posts\/69617\/revisions\/69622"}],"wp:attachment":[{"href":"https:\/\/www.r2cpress.com.br\/v1\/wp-json\/wp\/v2\/media?parent=69617"}],"wp:term":[{"taxonomy":"category","embeddable":true,"href":"https:\/\/www.r2cpress.com.br\/v1\/wp-json\/wp\/v2\/categories?post=69617"},{"taxonomy":"post_tag","embeddable":true,"href":"https:\/\/www.r2cpress.com.br\/v1\/wp-json\/wp\/v2\/tags?post=69617"}],"curies":[{"name":"wp","href":"https:\/\/api.w.org\/{rel}","templated":true}]}}