{"id":6962,"date":"2011-01-19T17:53:36","date_gmt":"2011-01-19T20:53:36","guid":{"rendered":"http:\/\/www.r2cpress.com.br\/v1\/?p=6962"},"modified":"2011-01-19T17:53:36","modified_gmt":"2011-01-19T20:53:36","slug":"ministra-da-pesca-e-aquicultura-conversa-com-setor-e-com-governador-da-ba-na-primeira-visita-oficial-ao-estado","status":"publish","type":"post","link":"https:\/\/www.r2cpress.com.br\/v1\/2011\/01\/19\/ministra-da-pesca-e-aquicultura-conversa-com-setor-e-com-governador-da-ba-na-primeira-visita-oficial-ao-estado\/","title":{"rendered":"Ministra da Pesca e Aquicultura conversa com setor e com governador da BA na primeira visita oficial ao estado"},"content":{"rendered":"<p>Novas pol\u00edticas e a\u00e7\u00f5es estrat\u00e9gicas para melhor desenvolver o setor pesqueiro e aqu\u00edcola baiano ser\u00e3o a pauta da Ministra da Pesca e Aquicultura Ideli Salvatti na primeira visita oficial ao estado, nesta sexta-feira, 21 de janeiro.<\/p>\n<p>Pela parte da manh\u00e3, no audit\u00f3rio do Banco do Brasil, em Salvador, Ideli se re\u00fane com o F\u00f3rum da Pesca da Bahia, organiza\u00e7\u00e3o formada por 116 entidades envolvidas na cadeia produtiva como sindicatos, associa\u00e7\u00f5es, col\u00f4nias, cooperativas, universidades e federa\u00e7\u00f5es. O coordenador do F\u00f3rum, Ajax Santos Tavares, que comandar\u00e1 a reuni\u00e3o \u00e9 membro do Conselho Nacional da Pesca e Aquicultura e tamb\u00e9m da OCB \u2013 Organiza\u00e7\u00e3o das Cooperativas Brasileiras.<\/p>\n<p>J\u00e1 \u00e0 tarde, \u00e0s 14h, no Centro Administrativo, a ministra ter\u00e1 audi\u00eancia com o Governador da Bahia, Jaques Wagner. Discutir\u00e1 a agilidade na libera\u00e7\u00e3o das licen\u00e7as ambientais para a produ\u00e7\u00e3o de pescado pela aquicultura (cria\u00e7\u00e3o de peixe, mariscos, etc em cativeiro), de estudos para demarca\u00e7\u00f5es em \u00e1guas da Uni\u00e3o e a amplia\u00e7\u00e3o das parcerias no estado para atendimento \u00e0s demandas do setor.<\/p>\n<p><!--more--><\/p>\n<p>Bahia \u00e9 o terceiro Estado que mais produz pescado no ranking nacional, com mais de 119 mil toneladas\/ano, segundo a \u00faltima estat\u00edstica divulgada pelo Minist\u00e9rio da Pesca e Aquicultura. Na aquicultura, destaca-se a produ\u00e7\u00e3o de til\u00e1pia e camar\u00e3o. Tamb\u00e9m \u00e9 segundo Estado no roteiro de governos estaduais que Ideli Salvatti pretende visitar ainda neste m\u00eas. \u201cO que queremos com os governadores \u00e9 uma agenda muito objetiva\u201d, disse a ministra. \u201cDesentravar a burocracia que impede o acesso ao cr\u00e9dito, a pesquisa e capacita\u00e7\u00e3o, bem como buscar parcerias para que consigamos fortalecer o setor\u201d, confirmou.<\/p>\n<p>De acordo com Ideli, o Governo Federal est\u00e1 determinado em transformar o Brasil em um dos maiores produtores mundiais de pescado, por isso a necessidade de apoio e uni\u00e3o de esfor\u00e7os com estados e munic\u00edpios.<\/p>\n<p>Depois de visitar SC e BA, o roteiro previsto da ministra ser\u00e1 nos estados de RN, SP e MG onde j\u00e1 existem t\u00edtulos de cess\u00e3o de \u00e1guas para serem outorgados e entregues aos produtores. \u201cQueremos ocupar todas as \u00e1guas de dom\u00ednio da Uni\u00e3o para cultivo de pescados com objetivo de produzir de forma legal e oficial, com pol\u00edtica clara e investimentos necess\u00e1rios\u201d, finalizou Ideli Salvatti.<\/p>\n<p> &#8212;<\/p>\n<p><strong>OBS:<\/strong><\/p>\n<p>&#8211; Ap\u00f3s a audi\u00eancia, haver\u00e1 coletiva de imprensa com a Ministra da Pesca e Aquicultura e o Governador da Bahia.<\/p>\n<p>Servi\u00e7o<\/p>\n<p>Hor\u00e1rio: 9h<\/p>\n<p>Pauta: Reuni\u00e3o com o F\u00f3rum da Pesca do Estado da Bahia \u2013 116 entidades representadas<\/p>\n<p>Local: Audit\u00f3rio do Banco do Brasil<\/p>\n<p>Endere\u00e7o: Rua Direita da Piedade, 25 \u2013 8\u00ba andar \u2013 Centro.<\/p>\n<p>Hor\u00e1rio: 14h<\/p>\n<p>Pauta: Audi\u00eancia com o Governador do Estado da Bahia, Jaques Wagner.<\/p>\n<p>Local: Centro Administrativo da Bahia.<\/p>\n<p>Endere\u00e7o: 3\u00ba Avenida, N\u00ba 390, Plataforma 4 &#8211; Pr\u00e9dio da Governadoria. <\/p>\n","protected":false},"excerpt":{"rendered":"<p>Novas pol\u00edticas e a\u00e7\u00f5es estrat\u00e9gicas para melhor desenvolver o setor pesqueiro e aqu\u00edcola baiano ser\u00e3o a pauta da Ministra da Pesca e Aquicultura Ideli Salvatti na primeira visita oficial ao estado, nesta sexta-feira, 21 de janeiro. Pela parte da manh\u00e3, no audit\u00f3rio do Banco do Brasil, em Salvador, Ideli se re\u00fane com o F\u00f3rum da [&hellip;]<\/p>\n","protected":false},"author":2,"featured_media":0,"comment_status":"open","ping_status":"open","sticky":false,"template":"","format":"standard","meta":{"_links_to":"","_links_to_target":""},"categories":[29],"tags":[],"_links":{"self":[{"href":"https:\/\/www.r2cpress.com.br\/v1\/wp-json\/wp\/v2\/posts\/6962"}],"collection":[{"href":"https:\/\/www.r2cpress.com.br\/v1\/wp-json\/wp\/v2\/posts"}],"about":[{"href":"https:\/\/www.r2cpress.com.br\/v1\/wp-json\/wp\/v2\/types\/post"}],"author":[{"embeddable":true,"href":"https:\/\/www.r2cpress.com.br\/v1\/wp-json\/wp\/v2\/users\/2"}],"replies":[{"embeddable":true,"href":"https:\/\/www.r2cpress.com.br\/v1\/wp-json\/wp\/v2\/comments?post=6962"}],"version-history":[{"count":3,"href":"https:\/\/www.r2cpress.com.br\/v1\/wp-json\/wp\/v2\/posts\/6962\/revisions"}],"predecessor-version":[{"id":6965,"href":"https:\/\/www.r2cpress.com.br\/v1\/wp-json\/wp\/v2\/posts\/6962\/revisions\/6965"}],"wp:attachment":[{"href":"https:\/\/www.r2cpress.com.br\/v1\/wp-json\/wp\/v2\/media?parent=6962"}],"wp:term":[{"taxonomy":"category","embeddable":true,"href":"https:\/\/www.r2cpress.com.br\/v1\/wp-json\/wp\/v2\/categories?post=6962"},{"taxonomy":"post_tag","embeddable":true,"href":"https:\/\/www.r2cpress.com.br\/v1\/wp-json\/wp\/v2\/tags?post=6962"}],"curies":[{"name":"wp","href":"https:\/\/api.w.org\/{rel}","templated":true}]}}