{"id":69630,"date":"2013-08-01T14:27:33","date_gmt":"2013-08-01T17:27:33","guid":{"rendered":"http:\/\/www.r2cpress.com.br\/v1\/?p=69630"},"modified":"2013-08-01T14:27:33","modified_gmt":"2013-08-01T17:27:33","slug":"conferencia-municipal-de-cultura-tem-inicio-nesta-sexta-feira-em-ilheus","status":"publish","type":"post","link":"https:\/\/www.r2cpress.com.br\/v1\/2013\/08\/01\/conferencia-municipal-de-cultura-tem-inicio-nesta-sexta-feira-em-ilheus\/","title":{"rendered":"Confer\u00eancia Municipal de Cultura tem in\u00edcio nesta sexta-feira em Ilh\u00e9us"},"content":{"rendered":"<p><em><strong>O evento ocorre nesta sexta e s\u00e1bado (dias 2 e 3\/08), no audit\u00f3rio IME e ter\u00e1 como tema \u2018Uma pol\u00edtica de estado para a cultura: desafios do sistema municipal de cultura\u2019.<\/strong><\/em><\/p>\n<p><a href=\"http:\/\/www.r2cpress.com.br\/v1\/wp-content\/uploads\/cultura-ilh\u00e9us.jpg\"><img loading=\"lazy\" src=\"http:\/\/www.r2cpress.com.br\/v1\/wp-content\/uploads\/cultura-ilh\u00e9us.jpg\" alt=\"cultura ilh\u00e9us\" width=\"333\" height=\"469\" class=\"alignright size-full wp-image-69631\" srcset=\"https:\/\/www.r2cpress.com.br\/v1\/wp-content\/uploads\/cultura-ilh\u00e9us.jpg 333w, https:\/\/www.r2cpress.com.br\/v1\/wp-content\/uploads\/cultura-ilh\u00e9us-213x300.jpg 213w\" sizes=\"(max-width: 333px) 100vw, 333px\" \/><\/a>Ser\u00e1 aberta \u00e0s 19 horas desta sexta-feira, dia 2, no audit\u00f3rio do Instituto Municipal de Ensino Eus\u00ednio Lavigne (IME), localizado na Avenida Canavieiras, a III Confer\u00eancia Municipal de Cultura de Ilh\u00e9us. A cerim\u00f4nia de abertura vai contar com a presen\u00e7a de autoridades locais, artistas e membros da sociedade civil organizada.  Durante o evento, que ter\u00e1 como tema central \u2018Uma pol\u00edtica de estado para a cultura: desafios do sistema municipal de cultura\u2019, a sociedade ter\u00e1 a possibilidade de discutir o Plano Plurianual (PPA), instrumento que nortear\u00e1 as pol\u00edticas p\u00fablicas da cultura local para os pr\u00f3ximos quatro anos (2014-2017).<\/p>\n<p>            A programa\u00e7\u00e3o da III Confer\u00eancia Municipal de Cultura prossegue no s\u00e1bado, dia 3, a partir das 8h30, com diversos debates. No final da manh\u00e3, por volta das 11 horas, ser\u00e1 realizada a escolha dos delegados que representar\u00e3o o munic\u00edpio nas confer\u00eancias territorial e estadual. J\u00e1 no per\u00edodo da tarde, a partir das 14 horas, ocorrer\u00e1 uma apresenta\u00e7\u00e3o sobre a metodologia do PPA Municipal, seguido de um trabalho em grupo. O \u00faltimo ato, previsto para acontecer \u00e0s 16 horas, ser\u00e1 a apresenta\u00e7\u00e3o dos trabalhos na plen\u00e1ria final.<\/p>\n<p><!--more--><\/p>\n<p>            O secret\u00e1rio municipal de Cultura, Paulo Atto, lembra que as confer\u00eancias de cultura s\u00e3o espa\u00e7os de debate e proposi\u00e7\u00e3o de a\u00e7\u00f5es, pol\u00edticas e programas voltados para o campo cultural, sempre com a participa\u00e7\u00e3o de representantes do poder p\u00fablico, da sociedade civil e das comunidades culturais, al\u00e9m de artistas, produtores, agentes e articuladores. \u201cNa verdade, a confer\u00eancia \u00e9 uma das formas da sociedade civil interferir e participar da formula\u00e7\u00e3o e da execu\u00e7\u00e3o das diversas interven\u00e7\u00f5es p\u00fablicas, para garantir uma gest\u00e3o democr\u00e1tica da pol\u00edtica cultural do munic\u00edpio, do estado e do pa\u00eds\u201d, completa, acrescentando que \u201cessas promo\u00e7\u00f5es s\u00e3o, tamb\u00e9m, importantes componentes globais do chamado Sistema de Cultura\u201d.<\/p>\n<p>            Hist\u00f3rico &#8211; Na Bahia, a cada dois anos, s\u00e3o realizadas confer\u00eancias estaduais de cultura. A primeira aconteceu em 2005, em Salvador. A partir de 2007, buscou-se realizar as confer\u00eancias estaduais no interior do Estado, a fim de facilitar o di\u00e1logo com os diversos munic\u00edpios, sempre divididas em etapas municipais, territoriais e setoriais. A segunda Confer\u00eancia Estadual, que abordou o tema \u2018Cultura \u00e9 o qu\u00ea?\u2019, foi realizada em 2007 na cidade de Feira de Santana. O munic\u00edpio de Ilh\u00e9us, por sua vez, recebeu, em 2009, a terceira confer\u00eancia, onde foi discutido o tema \u2018Cultura, diversidade, cidadania e desenvolvimento\u2019. Finalmente, em 2011, a quarta confer\u00eancia estadual aconteceu na cidade de Vit\u00f3ria da Conquista, trazendo o tema  central: \u2018Planejar \u00e9 Preciso \u2013 Consolida\u00e7\u00e3o dos Planos de Cultura\u2019.<\/p>\n<p>            A 5\u00aa Confer\u00eancia Estadual de Cultura da Bahia ocorrer\u00e1 em Alagoinhas, entre os dias 10 e 13 de outubro. Este ano, o evento dar\u00e1 \u00eanfase ao tema \u2018Uma pol\u00edtica de Estado para a cultura: desafios do Sistema Estadual de Cultura\u2019. Na oportunidade, com o objetivo de reunir a popula\u00e7\u00e3o para avaliar as pol\u00edticas p\u00fablicas de cultura, a confer\u00eancia sediar\u00e1 a apresenta\u00e7\u00e3o de a\u00e7\u00f5es, projetos e programas da Secretaria Estadual de Cultura, a partir de propostas da sociedade civil apresentadas nas confer\u00eancias anteriores.<\/p>\n<p>Paulo Atto destaca que s\u00e3o tr\u00eas as etapas que antecedem a confer\u00eancia estadual: as confer\u00eancias municipais e\/ou Intermunicipais ser\u00e3o realizadas entre 2 de junho e 4 de agosto; e a etapa seguinte, que consiste nas confer\u00eancias territoriais, ocorrer\u00e1 de 6 de agosto a 8 de setembro. J\u00e1 as confer\u00eancias setoriais ser\u00e3o realizadas entre os dias 14 a 30 de setembro. \u201cA 5\u00aa Confer\u00eancia Estadual de Cultura da Bahia e todas as suas etapas antecedentes integram a III Confer\u00eancia Nacional de Cultura, que acontecer\u00e1 em Bras\u00edlia no per\u00edodo de 26 a 29 de novembro de 2013\u201d, completa Atto.<\/p>\n<p>&#8212;<br \/>\nai\/pmi<\/p>\n","protected":false},"excerpt":{"rendered":"<p>O evento ocorre nesta sexta e s\u00e1bado (dias 2 e 3\/08), no audit\u00f3rio IME e ter\u00e1 como tema \u2018Uma pol\u00edtica de estado para a cultura: desafios do sistema municipal de cultura\u2019. Ser\u00e1 aberta \u00e0s 19 horas desta sexta-feira, dia 2, no audit\u00f3rio do Instituto Municipal de Ensino Eus\u00ednio Lavigne (IME), localizado na Avenida Canavieiras, a [&hellip;]<\/p>\n","protected":false},"author":2,"featured_media":0,"comment_status":"open","ping_status":"open","sticky":false,"template":"","format":"standard","meta":{"_links_to":"","_links_to_target":""},"categories":[23],"tags":[],"_links":{"self":[{"href":"https:\/\/www.r2cpress.com.br\/v1\/wp-json\/wp\/v2\/posts\/69630"}],"collection":[{"href":"https:\/\/www.r2cpress.com.br\/v1\/wp-json\/wp\/v2\/posts"}],"about":[{"href":"https:\/\/www.r2cpress.com.br\/v1\/wp-json\/wp\/v2\/types\/post"}],"author":[{"embeddable":true,"href":"https:\/\/www.r2cpress.com.br\/v1\/wp-json\/wp\/v2\/users\/2"}],"replies":[{"embeddable":true,"href":"https:\/\/www.r2cpress.com.br\/v1\/wp-json\/wp\/v2\/comments?post=69630"}],"version-history":[{"count":2,"href":"https:\/\/www.r2cpress.com.br\/v1\/wp-json\/wp\/v2\/posts\/69630\/revisions"}],"predecessor-version":[{"id":69633,"href":"https:\/\/www.r2cpress.com.br\/v1\/wp-json\/wp\/v2\/posts\/69630\/revisions\/69633"}],"wp:attachment":[{"href":"https:\/\/www.r2cpress.com.br\/v1\/wp-json\/wp\/v2\/media?parent=69630"}],"wp:term":[{"taxonomy":"category","embeddable":true,"href":"https:\/\/www.r2cpress.com.br\/v1\/wp-json\/wp\/v2\/categories?post=69630"},{"taxonomy":"post_tag","embeddable":true,"href":"https:\/\/www.r2cpress.com.br\/v1\/wp-json\/wp\/v2\/tags?post=69630"}],"curies":[{"name":"wp","href":"https:\/\/api.w.org\/{rel}","templated":true}]}}