{"id":69649,"date":"2013-08-02T13:53:38","date_gmt":"2013-08-02T16:53:38","guid":{"rendered":"http:\/\/www.r2cpress.com.br\/v1\/?p=69649"},"modified":"2013-08-02T13:53:38","modified_gmt":"2013-08-02T16:53:38","slug":"ilheus-divulga-agenda-cultural-deste-semestre","status":"publish","type":"post","link":"https:\/\/www.r2cpress.com.br\/v1\/2013\/08\/02\/ilheus-divulga-agenda-cultural-deste-semestre\/","title":{"rendered":"Ilh\u00e9us divulga agenda cultural deste semestre"},"content":{"rendered":"<p><strong>O secret\u00e1rio de Cultura, Paulo Atto, destaca que uma s\u00e9rie de a\u00e7\u00f5es, eventos e projetos culturais integra a programa\u00e7\u00e3o elaborada pelo \u00f3rg\u00e3o.<\/strong><\/p>\n<p>Uma s\u00e9rie de a\u00e7\u00f5es, eventos e projetos desenvolvidos nas diversas \u00e1reas culturais do munic\u00edpio, como teatro, literatura e est\u00edmulo \u00e0 leitura, entre outros, integra a programa\u00e7\u00e3o elaborada pela Secretaria Municipal de Cultura (Secult) para este segundo semestre. Al\u00e9m da realiza\u00e7\u00e3o da Confer\u00eancia Municipal de Cultura, que discutir\u00e1 at\u00e9 este s\u00e1bado dia 3, o Plano Plurianual (PPA), entre outros aspectos, a Secult destaca o Festival Latino-Americano de Teatro, que acontecer\u00e1 em setembro.<\/p>\n<p>De acordo com o secret\u00e1rio de Cultura de Ilh\u00e9us, Paulo Atto, o Festival Latino-Americano de Teatro contar\u00e1 com a apresenta\u00e7\u00e3o de espet\u00e1culos variados, sendo dois estrangeiros, dois nacionais e dois locais, entre os dias 3 a 8 de setembro.<\/p>\n<p><!--more--><\/p>\n<p>O calend\u00e1rio cultural tamb\u00e9m abre espa\u00e7o para o Festival de Teatro Infantil, que acontece durante a primeira quinzena de outubro, com oficinas e espet\u00e1culos. E para o M\u00eas da Consci\u00eancia Negra, em novembro, est\u00e1 prevista a promo\u00e7\u00e3o de diversos eventos, entre eles, o I Semin\u00e1rio Municipal da Juventude Negra. A programa\u00e7\u00e3o da Secult tamb\u00e9m contempla a Primavera dos Museus, de 23 a 29 de setembro, al\u00e9m da Caravana das Letras e de um grande evento sobre a diversidade sexual, cujas datas ainda ser\u00e3o definidas.<\/p>\n<p>Formular as pol\u00edticas governamentais, preservar a mem\u00f3ria e proteger o patrim\u00f4nio cultural do munic\u00edpio s\u00e3o as principais miss\u00f5es da Secretaria de Cultura de Ilh\u00e9us (Secult), criada pelo prefeito Jabes Ribeiro, no \u00faltimo m\u00eas de abril, atrav\u00e9s da Lei 3.655\/13. Na vis\u00e3o de Paulo Atto, a cria\u00e7\u00e3o da Secult j\u00e1 est\u00e1 sendo fundamental para que o governo municipal consiga imprimir mais agilidade ao processo de formula\u00e7\u00e3o das pol\u00edticas p\u00fablicas voltadas para o setor. \u201cAl\u00e9m de fomentar as artes, a secretaria tamb\u00e9m tem a miss\u00e3o de preservar a mem\u00f3ria popular, proteger o patrim\u00f4nio cultural e trabalhar com diversos outros temas e assuntos ligados \u00e0 cultura\u201d, reitera o secret\u00e1rio.<\/p>\n<p>&#8212;<br \/>\nSecretaria de Comunica\u00e7\u00e3o Social (Secom)<br \/>\nIlh\u00e9us \u2013 02.08.2013<\/p>\n","protected":false},"excerpt":{"rendered":"<p>O secret\u00e1rio de Cultura, Paulo Atto, destaca que uma s\u00e9rie de a\u00e7\u00f5es, eventos e projetos culturais integra a programa\u00e7\u00e3o elaborada pelo \u00f3rg\u00e3o. Uma s\u00e9rie de a\u00e7\u00f5es, eventos e projetos desenvolvidos nas diversas \u00e1reas culturais do munic\u00edpio, como teatro, literatura e est\u00edmulo \u00e0 leitura, entre outros, integra a programa\u00e7\u00e3o elaborada pela Secretaria Municipal de Cultura (Secult) [&hellip;]<\/p>\n","protected":false},"author":2,"featured_media":0,"comment_status":"open","ping_status":"open","sticky":false,"template":"","format":"standard","meta":{"_links_to":"","_links_to_target":""},"categories":[23],"tags":[],"_links":{"self":[{"href":"https:\/\/www.r2cpress.com.br\/v1\/wp-json\/wp\/v2\/posts\/69649"}],"collection":[{"href":"https:\/\/www.r2cpress.com.br\/v1\/wp-json\/wp\/v2\/posts"}],"about":[{"href":"https:\/\/www.r2cpress.com.br\/v1\/wp-json\/wp\/v2\/types\/post"}],"author":[{"embeddable":true,"href":"https:\/\/www.r2cpress.com.br\/v1\/wp-json\/wp\/v2\/users\/2"}],"replies":[{"embeddable":true,"href":"https:\/\/www.r2cpress.com.br\/v1\/wp-json\/wp\/v2\/comments?post=69649"}],"version-history":[{"count":2,"href":"https:\/\/www.r2cpress.com.br\/v1\/wp-json\/wp\/v2\/posts\/69649\/revisions"}],"predecessor-version":[{"id":69651,"href":"https:\/\/www.r2cpress.com.br\/v1\/wp-json\/wp\/v2\/posts\/69649\/revisions\/69651"}],"wp:attachment":[{"href":"https:\/\/www.r2cpress.com.br\/v1\/wp-json\/wp\/v2\/media?parent=69649"}],"wp:term":[{"taxonomy":"category","embeddable":true,"href":"https:\/\/www.r2cpress.com.br\/v1\/wp-json\/wp\/v2\/categories?post=69649"},{"taxonomy":"post_tag","embeddable":true,"href":"https:\/\/www.r2cpress.com.br\/v1\/wp-json\/wp\/v2\/tags?post=69649"}],"curies":[{"name":"wp","href":"https:\/\/api.w.org\/{rel}","templated":true}]}}