{"id":69663,"date":"2013-08-02T14:20:45","date_gmt":"2013-08-02T17:20:45","guid":{"rendered":"http:\/\/www.r2cpress.com.br\/v1\/?p=69663"},"modified":"2013-08-02T14:20:45","modified_gmt":"2013-08-02T17:20:45","slug":"semana-nacional-da-pessoa-com-deficiencia-intelectual-e-multipla","status":"publish","type":"post","link":"https:\/\/www.r2cpress.com.br\/v1\/2013\/08\/02\/semana-nacional-da-pessoa-com-deficiencia-intelectual-e-multipla\/","title":{"rendered":"SEMANA NACIONAL DA PESSOA COM DEFICI\u00caNCIA INTELECTUAL E M\u00daLTIPLA"},"content":{"rendered":"<p>De 21 a 28\/08\/2013 acontecer\u00e1 a SEMANA NACIONAL DA PESSOA COM DEFICI\u00caNCIA INTELECTUAL E M\u00daLTIPLA<\/p>\n<p>Este \u00e9 o tema:<\/p>\n<p><strong> \u201cDesafiando os limites, diminuindo as diferen\u00e7as.\u201d<\/strong><\/p>\n<p>O tema remete ao esp\u00edrito de luta e garra das pessoas com defici\u00eancia e tamb\u00e9m dos apaeanos que t\u00eam, nestes supostos limites, a motiva\u00e7\u00e3o para supera\u00e7\u00e3o deles, o que, consequentemente, v\u00eam diminuindo as diferen\u00e7as sociais e o preconceito nestes 59 anos de exist\u00eancia da APAE.<\/p>\n<p>Para reflex\u00e3o, debate e orienta\u00e7\u00e3o dos trabalhos na Semana Nacional da Pessoa com Defici\u00eancia Intelectual e M\u00faltipla do ano de 2013, a Federa\u00e7\u00e3o Nacional das APAES prop\u00f5e, como tema central, o enfrentamento \u00e0s diferen\u00e7as que as pessoas com defici\u00eancia intelectual e m\u00faltipla e suas fam\u00edlias vivenciam diariamente para inclus\u00e3o social.<\/p>\n<p>A APAE de Ilh\u00e9us ter\u00e1 como uma de suas programa\u00e7\u00f5es o desfile na Avenida Soares Lopes, no dia 23\/08\/2013, \u00e0s 17:00h, da Escola de Samba UNIDOS DA APAE, cujas alas contar\u00e3o a hist\u00f3ria da entidade. O samba enredo \u00e9 da autoria do compositor, m\u00fasico e cantor ilheense Leonardo L\u00e9o. As alas contar\u00e3o a hist\u00f3ria da entidade.<br \/>\nEsperamos contar com uma grande MANIFESTA\u00c7\u00c3O de parceria, inclus\u00e3o, respeito \u00e0 diversidade, e a oportunidade de apreciar um momento lindo, de capacidade, de supera\u00e7\u00e3o, alegria, e sobretudo AMOR.<br \/>\nEsperamos voc\u00eas para aumentar o brilho de nossa festa.IMPERD\u00cdVEL<\/p>\n","protected":false},"excerpt":{"rendered":"<p>De 21 a 28\/08\/2013 acontecer\u00e1 a SEMANA NACIONAL DA PESSOA COM DEFICI\u00caNCIA INTELECTUAL E M\u00daLTIPLA Este \u00e9 o tema: \u201cDesafiando os limites, diminuindo as diferen\u00e7as.\u201d O tema remete ao esp\u00edrito de luta e garra das pessoas com defici\u00eancia e tamb\u00e9m dos apaeanos que t\u00eam, nestes supostos limites, a motiva\u00e7\u00e3o para supera\u00e7\u00e3o deles, o que, consequentemente, [&hellip;]<\/p>\n","protected":false},"author":2,"featured_media":0,"comment_status":"open","ping_status":"open","sticky":false,"template":"","format":"standard","meta":{"_links_to":"","_links_to_target":""},"categories":[28],"tags":[],"_links":{"self":[{"href":"https:\/\/www.r2cpress.com.br\/v1\/wp-json\/wp\/v2\/posts\/69663"}],"collection":[{"href":"https:\/\/www.r2cpress.com.br\/v1\/wp-json\/wp\/v2\/posts"}],"about":[{"href":"https:\/\/www.r2cpress.com.br\/v1\/wp-json\/wp\/v2\/types\/post"}],"author":[{"embeddable":true,"href":"https:\/\/www.r2cpress.com.br\/v1\/wp-json\/wp\/v2\/users\/2"}],"replies":[{"embeddable":true,"href":"https:\/\/www.r2cpress.com.br\/v1\/wp-json\/wp\/v2\/comments?post=69663"}],"version-history":[{"count":2,"href":"https:\/\/www.r2cpress.com.br\/v1\/wp-json\/wp\/v2\/posts\/69663\/revisions"}],"predecessor-version":[{"id":69665,"href":"https:\/\/www.r2cpress.com.br\/v1\/wp-json\/wp\/v2\/posts\/69663\/revisions\/69665"}],"wp:attachment":[{"href":"https:\/\/www.r2cpress.com.br\/v1\/wp-json\/wp\/v2\/media?parent=69663"}],"wp:term":[{"taxonomy":"category","embeddable":true,"href":"https:\/\/www.r2cpress.com.br\/v1\/wp-json\/wp\/v2\/categories?post=69663"},{"taxonomy":"post_tag","embeddable":true,"href":"https:\/\/www.r2cpress.com.br\/v1\/wp-json\/wp\/v2\/tags?post=69663"}],"curies":[{"name":"wp","href":"https:\/\/api.w.org\/{rel}","templated":true}]}}