{"id":69689,"date":"2013-08-02T17:44:27","date_gmt":"2013-08-02T20:44:27","guid":{"rendered":"http:\/\/www.r2cpress.com.br\/v1\/?p=69689"},"modified":"2013-08-02T17:44:27","modified_gmt":"2013-08-02T20:44:27","slug":"incendio-no-bairro-da-tapera","status":"publish","type":"post","link":"https:\/\/www.r2cpress.com.br\/v1\/2013\/08\/02\/incendio-no-bairro-da-tapera\/","title":{"rendered":"INC\u00caNDIO NO BAIRRO DA TAPERA"},"content":{"rendered":"<p>Um absurdo o acorrido hoje, dia 02 de agosto de 2013 no bairro da Tapera em Ilh\u00e9us. Algu\u00e9m colocou fogo na mata (composta maior parte por bambus) e de repente as chamas aumentaram de tal forma que deixaram os moradores das casas pr\u00f3ximas desesperados, pois o fogo tomava propor\u00e7\u00f5es cada vez maiores. A \u00fanica solu\u00e7\u00e3o foi chamar os bombeiros. Ocorre que a demora dos bombeiros para apagar o fogo foi t\u00e3o grande, que os moradores resolveram pegar as mangueiras que tinham em suas casas para tentar diminuir as chamas e s\u00f3 AP\u00d3S 1 HORA os bombeiros chegaram, quando o fogo j\u00e1 tinha tomado conta de um vasto espa\u00e7o. As casas ficaram todas sujas, pessoas est\u00e3o com problemas respirat\u00f3rios e todos acharam um absurdo a demora dos bombeiros de Ilh\u00e9us. At\u00e9 quando vamos ficar sofrendo por isso? Por pouco n\u00e3o tive minha casa incendiada tamb\u00e9m. Espero mudan\u00e7as!!! N\u00e3o pode ser assim.<\/p>\n<p>&#8212;<br \/>\nCl\u00e1udia (moradora da Tapera)<\/p>\n","protected":false},"excerpt":{"rendered":"<p>Um absurdo o acorrido hoje, dia 02 de agosto de 2013 no bairro da Tapera em Ilh\u00e9us. Algu\u00e9m colocou fogo na mata (composta maior parte por bambus) e de repente as chamas aumentaram de tal forma que deixaram os moradores das casas pr\u00f3ximas desesperados, pois o fogo tomava propor\u00e7\u00f5es cada vez maiores. A \u00fanica solu\u00e7\u00e3o [&hellip;]<\/p>\n","protected":false},"author":2,"featured_media":0,"comment_status":"open","ping_status":"open","sticky":false,"template":"","format":"standard","meta":{"_links_to":"","_links_to_target":""},"categories":[10],"tags":[],"_links":{"self":[{"href":"https:\/\/www.r2cpress.com.br\/v1\/wp-json\/wp\/v2\/posts\/69689"}],"collection":[{"href":"https:\/\/www.r2cpress.com.br\/v1\/wp-json\/wp\/v2\/posts"}],"about":[{"href":"https:\/\/www.r2cpress.com.br\/v1\/wp-json\/wp\/v2\/types\/post"}],"author":[{"embeddable":true,"href":"https:\/\/www.r2cpress.com.br\/v1\/wp-json\/wp\/v2\/users\/2"}],"replies":[{"embeddable":true,"href":"https:\/\/www.r2cpress.com.br\/v1\/wp-json\/wp\/v2\/comments?post=69689"}],"version-history":[{"count":2,"href":"https:\/\/www.r2cpress.com.br\/v1\/wp-json\/wp\/v2\/posts\/69689\/revisions"}],"predecessor-version":[{"id":69691,"href":"https:\/\/www.r2cpress.com.br\/v1\/wp-json\/wp\/v2\/posts\/69689\/revisions\/69691"}],"wp:attachment":[{"href":"https:\/\/www.r2cpress.com.br\/v1\/wp-json\/wp\/v2\/media?parent=69689"}],"wp:term":[{"taxonomy":"category","embeddable":true,"href":"https:\/\/www.r2cpress.com.br\/v1\/wp-json\/wp\/v2\/categories?post=69689"},{"taxonomy":"post_tag","embeddable":true,"href":"https:\/\/www.r2cpress.com.br\/v1\/wp-json\/wp\/v2\/tags?post=69689"}],"curies":[{"name":"wp","href":"https:\/\/api.w.org\/{rel}","templated":true}]}}