{"id":6975,"date":"2011-01-19T22:24:58","date_gmt":"2011-01-20T01:24:58","guid":{"rendered":"http:\/\/www.r2cpress.com.br\/v1\/?p=6975"},"modified":"2011-01-19T22:24:58","modified_gmt":"2011-01-20T01:24:58","slug":"sos-carlinhos-freitas","status":"publish","type":"post","link":"https:\/\/www.r2cpress.com.br\/v1\/2011\/01\/19\/sos-carlinhos-freitas\/","title":{"rendered":"SOS CARLINHOS FREITAS"},"content":{"rendered":"<p>Carlinhos,<br \/>\nvoc\u00ea \u00e9 o respons\u00e1vel pela pavimenta\u00e7\u00e3o da Rua E. Brigadeiro Gomes,<br \/>\nbem como da elimina\u00e7\u00e3o do LIX\u00c2O.<br \/>\nAgora o C.P.M.I. est\u00e1 pintando o muro com as cores do Col\u00e9gio  e pelo visto a entrada dos alunos e funcion\u00e1rios ser\u00e1 de fato  por essa rua.<br \/>\n<a href=\"http:\/\/www.r2cpress.com.br\/v1\/wp-content\/uploads\/MURO-C.P.M.I.-PINTADO.jpg\"><img loading=\"lazy\" src=\"http:\/\/www.r2cpress.com.br\/v1\/wp-content\/uploads\/MURO-C.P.M.I.-PINTADO-300x225.jpg\" alt=\"\" title=\"MURO C.P.M.I. PINTADO\" width=\"300\" height=\"225\" class=\"alignnone size-medium wp-image-6976\" srcset=\"https:\/\/www.r2cpress.com.br\/v1\/wp-content\/uploads\/MURO-C.P.M.I.-PINTADO-300x225.jpg 300w, https:\/\/www.r2cpress.com.br\/v1\/wp-content\/uploads\/MURO-C.P.M.I.-PINTADO.jpg 640w\" sizes=\"(max-width: 300px) 100vw, 300px\" \/><\/a><br \/>\n<a href=\"http:\/\/www.r2cpress.com.br\/v1\/wp-content\/uploads\/LIXO-NO-PASSEIO.jpg\"><img loading=\"lazy\" src=\"http:\/\/www.r2cpress.com.br\/v1\/wp-content\/uploads\/LIXO-NO-PASSEIO-300x225.jpg\" alt=\"\" title=\"LIXO NO PASSEIO\" width=\"300\" height=\"225\" class=\"alignnone size-medium wp-image-6977\" srcset=\"https:\/\/www.r2cpress.com.br\/v1\/wp-content\/uploads\/LIXO-NO-PASSEIO-300x225.jpg 300w, https:\/\/www.r2cpress.com.br\/v1\/wp-content\/uploads\/LIXO-NO-PASSEIO.jpg 640w\" sizes=\"(max-width: 300px) 100vw, 300px\" \/><\/a><br \/>\nSo lhe pe\u00e7o em nome de todos os pedestres que elimine de uma vez a bagun\u00e7a dos passeios, que j\u00e1 est\u00e3o obstru\u00eddos por Lixo. <\/p>\n<p>A velocidade desenvolvida por ve\u00edculos motorizados que trafegam por essa via est\u00e1 causando medo. E n\u00e3o temos outra sa\u00edda a n\u00e3o ser andarmos por onde eles voam.<\/p>\n<p>Obrigada e conto mais uma vez com a sua determinante a\u00e7\u00e3o.<br \/>\nAnne Pacheco<\/p>\n","protected":false},"excerpt":{"rendered":"<p>Carlinhos, voc\u00ea \u00e9 o respons\u00e1vel pela pavimenta\u00e7\u00e3o da Rua E. Brigadeiro Gomes, bem como da elimina\u00e7\u00e3o do LIX\u00c2O. Agora o C.P.M.I. est\u00e1 pintando o muro com as cores do Col\u00e9gio e pelo visto a entrada dos alunos e funcion\u00e1rios ser\u00e1 de fato por essa rua. So lhe pe\u00e7o em nome de todos os pedestres que [&hellip;]<\/p>\n","protected":false},"author":2,"featured_media":0,"comment_status":"open","ping_status":"open","sticky":false,"template":"","format":"standard","meta":{"_links_to":"","_links_to_target":""},"categories":[10],"tags":[],"_links":{"self":[{"href":"https:\/\/www.r2cpress.com.br\/v1\/wp-json\/wp\/v2\/posts\/6975"}],"collection":[{"href":"https:\/\/www.r2cpress.com.br\/v1\/wp-json\/wp\/v2\/posts"}],"about":[{"href":"https:\/\/www.r2cpress.com.br\/v1\/wp-json\/wp\/v2\/types\/post"}],"author":[{"embeddable":true,"href":"https:\/\/www.r2cpress.com.br\/v1\/wp-json\/wp\/v2\/users\/2"}],"replies":[{"embeddable":true,"href":"https:\/\/www.r2cpress.com.br\/v1\/wp-json\/wp\/v2\/comments?post=6975"}],"version-history":[{"count":3,"href":"https:\/\/www.r2cpress.com.br\/v1\/wp-json\/wp\/v2\/posts\/6975\/revisions"}],"predecessor-version":[{"id":6980,"href":"https:\/\/www.r2cpress.com.br\/v1\/wp-json\/wp\/v2\/posts\/6975\/revisions\/6980"}],"wp:attachment":[{"href":"https:\/\/www.r2cpress.com.br\/v1\/wp-json\/wp\/v2\/media?parent=6975"}],"wp:term":[{"taxonomy":"category","embeddable":true,"href":"https:\/\/www.r2cpress.com.br\/v1\/wp-json\/wp\/v2\/categories?post=6975"},{"taxonomy":"post_tag","embeddable":true,"href":"https:\/\/www.r2cpress.com.br\/v1\/wp-json\/wp\/v2\/tags?post=6975"}],"curies":[{"name":"wp","href":"https:\/\/api.w.org\/{rel}","templated":true}]}}