{"id":69801,"date":"2013-08-05T16:41:18","date_gmt":"2013-08-05T19:41:18","guid":{"rendered":"http:\/\/www.r2cpress.com.br\/v1\/?p=69801"},"modified":"2013-08-05T16:41:30","modified_gmt":"2013-08-05T19:41:30","slug":"cineclube-equio-reis-volta-a-tenda-do-teatro-popular","status":"publish","type":"post","link":"https:\/\/www.r2cpress.com.br\/v1\/2013\/08\/05\/cineclube-equio-reis-volta-a-tenda-do-teatro-popular\/","title":{"rendered":"Cineclube \u00c9quio Reis volta  \u00e0 Tenda do Teatro Popular"},"content":{"rendered":"<p>Depois de circular por quatro bairros de Ilh\u00e9us, o Cineclube \u00c9quio Reis retorna \u00e0 Tenda do Teatro Popular de Ilh\u00e9us (TPI), no m\u00eas de agosto. O projeto do N\u00facleo de Produ\u00e7\u00e3o Audiovisual do TPI volta a exibir v\u00eddeos do curso de Comunica\u00e7\u00e3o Social da Universidade Estadual de Santa Cruz. Nesta ter\u00e7a-feira (06), ser\u00e3o exibidos o document\u00e1rio Marola e cinco v\u00eddeos minuto. As proje\u00e7\u00f5es come\u00e7am \u00e0s 19 horas e t\u00eam entrada franca.<br \/>\n<div id=\"attachment_69802\" style=\"width: 560px\" class=\"wp-caption aligncenter\"><a href=\"http:\/\/www.r2cpress.com.br\/v1\/wp-content\/uploads\/Auto-do-Boi-da-Cara-Preta-foto-Felipe-de-Paula-1.jpg\"><img aria-describedby=\"caption-attachment-69802\" loading=\"lazy\" src=\"http:\/\/www.r2cpress.com.br\/v1\/wp-content\/uploads\/Auto-do-Boi-da-Cara-Preta-foto-Felipe-de-Paula-1.jpg\" alt=\"Auto do Boi da Cara Preta - foto Felipe de Paula.\" width=\"550\" height=\"413\" class=\"size-full wp-image-69802\" srcset=\"https:\/\/www.r2cpress.com.br\/v1\/wp-content\/uploads\/Auto-do-Boi-da-Cara-Preta-foto-Felipe-de-Paula-1.jpg 550w, https:\/\/www.r2cpress.com.br\/v1\/wp-content\/uploads\/Auto-do-Boi-da-Cara-Preta-foto-Felipe-de-Paula-1-300x225.jpg 300w\" sizes=\"(max-width: 550px) 100vw, 550px\" \/><\/a><p id=\"caption-attachment-69802\" class=\"wp-caption-text\">Auto do Boi da Cara Preta &#8211; foto Felipe de Paula.<\/p><\/div><br \/>\n            Dirigido por Jaqueline Cerqueira, o document\u00e1rio Marola, apresenta depoimentos de seis marisqueiras que vivem em Ilh\u00e9us. Na mesma noite, ser\u00e3o exibidos os v\u00eddeos minuto A Casa de Am\u00e9lia, Elaine Matos e Emiron Gouveia; Sobre o Tempo, de Ana Paula Costa e D\u00e9bora Barreto; Tempo e Espa\u00e7o, de Ana Luiza Barreto e M\u00e1rcia Am\u00e2ncio; A Arte da Arte, de Islane Ribeiro, Nat\u00e1lia Tavares e Taysa Almeida e Metavida, de Matheus Reis e Jann Erick Possati.<\/p>\n<p>            O Cineclube \u00c9quio Reis acontece desde 2009, exibindo filmes uma vez por semana, sempre com entrada gratuita. Em novembro de 2012, foi estabelecida parceria com a Universidade Estadual de Santa Cruz, abrindo espa\u00e7o para os produtos realizados ou apoiados pelo Curso de Comunica\u00e7\u00e3o Social.<\/p>\n<p><strong>Auto do Boi de quinta a s\u00e1bado<\/strong><\/p>\n<p>            O musical infanto-juvenil Auto do Boi da Cara Preta ser\u00e1 o segundo espet\u00e1culo apresentado em comemora\u00e7\u00e3o aos 18 anos do Teatro Popular de Ilh\u00e9us. A montagem da Cia. Boi da Cara Preta, N\u00facleo Infanto-juvenil do TPI, traz a alegria dos festejos do bumba meu boi e o colorido da cultura nordestina. A pe\u00e7a estar\u00e1 em cartaz de quinta-feira a s\u00e1bado, sempre \u00e0s 20 horas. As entradas custam R$ 20 e R$ 10. O texto \u00e9 de Romualdo Lisboa, dire\u00e7\u00e3o musical de Elielton Cabe\u00e7a e dire\u00e7\u00e3o geral de T\u00e2nia Barbosa.<\/p>\n","protected":false},"excerpt":{"rendered":"<p>Depois de circular por quatro bairros de Ilh\u00e9us, o Cineclube \u00c9quio Reis retorna \u00e0 Tenda do Teatro Popular de Ilh\u00e9us (TPI), no m\u00eas de agosto. O projeto do N\u00facleo de Produ\u00e7\u00e3o Audiovisual do TPI volta a exibir v\u00eddeos do curso de Comunica\u00e7\u00e3o Social da Universidade Estadual de Santa Cruz. Nesta ter\u00e7a-feira (06), ser\u00e3o exibidos o [&hellip;]<\/p>\n","protected":false},"author":2,"featured_media":0,"comment_status":"open","ping_status":"open","sticky":false,"template":"","format":"standard","meta":{"_links_to":"","_links_to_target":""},"categories":[5],"tags":[],"_links":{"self":[{"href":"https:\/\/www.r2cpress.com.br\/v1\/wp-json\/wp\/v2\/posts\/69801"}],"collection":[{"href":"https:\/\/www.r2cpress.com.br\/v1\/wp-json\/wp\/v2\/posts"}],"about":[{"href":"https:\/\/www.r2cpress.com.br\/v1\/wp-json\/wp\/v2\/types\/post"}],"author":[{"embeddable":true,"href":"https:\/\/www.r2cpress.com.br\/v1\/wp-json\/wp\/v2\/users\/2"}],"replies":[{"embeddable":true,"href":"https:\/\/www.r2cpress.com.br\/v1\/wp-json\/wp\/v2\/comments?post=69801"}],"version-history":[{"count":3,"href":"https:\/\/www.r2cpress.com.br\/v1\/wp-json\/wp\/v2\/posts\/69801\/revisions"}],"predecessor-version":[{"id":69805,"href":"https:\/\/www.r2cpress.com.br\/v1\/wp-json\/wp\/v2\/posts\/69801\/revisions\/69805"}],"wp:attachment":[{"href":"https:\/\/www.r2cpress.com.br\/v1\/wp-json\/wp\/v2\/media?parent=69801"}],"wp:term":[{"taxonomy":"category","embeddable":true,"href":"https:\/\/www.r2cpress.com.br\/v1\/wp-json\/wp\/v2\/categories?post=69801"},{"taxonomy":"post_tag","embeddable":true,"href":"https:\/\/www.r2cpress.com.br\/v1\/wp-json\/wp\/v2\/tags?post=69801"}],"curies":[{"name":"wp","href":"https:\/\/api.w.org\/{rel}","templated":true}]}}