{"id":69806,"date":"2013-08-05T16:43:45","date_gmt":"2013-08-05T19:43:45","guid":{"rendered":"http:\/\/www.r2cpress.com.br\/v1\/?p=69806"},"modified":"2013-08-05T16:43:45","modified_gmt":"2013-08-05T19:43:45","slug":"lancada-licitacao-para-compras-de-trilhos-da-fiol","status":"publish","type":"post","link":"https:\/\/www.r2cpress.com.br\/v1\/2013\/08\/05\/lancada-licitacao-para-compras-de-trilhos-da-fiol\/","title":{"rendered":"Lan\u00e7ada licita\u00e7\u00e3o para compras de trilhos da Fiol"},"content":{"rendered":"<p>A estatal Valec lan\u00e7ou nesta segunda-feira, 5, a nova licita\u00e7\u00e3o para aquisi\u00e7\u00e3o de trilhos que ser\u00e3o usados na constru\u00e7\u00e3o da Ferrovia de Integra\u00e7\u00e3o Oeste Leste (Fiol) na Bahia. A data de abertura do preg\u00e3o est\u00e1 marcada para dia 18 de setembro, quando ocorrer\u00e1 a abertura dos envelopes na sede da empresa, em Bras\u00edlia. O tipo de licita\u00e7\u00e3o ser\u00e1 por menor pre\u00e7o global por lote.<\/p>\n<p>S\u00e3o 147 mil toneladas de trilhos para os trechos entre o munic\u00edpio de Ilh\u00e9us, no litoral, at\u00e9 o de Barreiras, no extremo oeste baiano. A licita\u00e7\u00e3o dividida em cinco lotes, que compreendem 1.100 quil\u00f4metros de todo o tra\u00e7ado da ferrovia (1.527 km), tem valor total de R$ 559 milh\u00f5es.<\/p>\n<p>O secret\u00e1rio da Casa Civil do Governo da Bahia, Rui Costa, explica que a licita\u00e7\u00e3o \u00e9 essencial para que a Fiol avance. \u201cCom este edital, a ferrovia afasta mais um ponto cr\u00edtico e garante avan\u00e7o das obras, de acordo com o cronograma, desta, que \u00e9 a maior interven\u00e7\u00e3o log\u00edstica no estado. Atraindo, assim, o potencial de desenvolvimento em v\u00e1rias cadeias da produ\u00e7\u00e3o baiana\u201d, disse Rui Costa, secret\u00e1rio respons\u00e1vel pelo monitoramento da Fiol por parte do Governo da Bahia.<\/p>\n<p>A divis\u00e3o da nova licita\u00e7\u00e3o em lotes, segundo o coordenador de acompanhamento de Pol\u00edticas de Infraestrutura da Casa Civil, Eracy Lafuente, ir\u00e1 ampliar a concorr\u00eancia, \u201cgarantindo maior competi\u00e7\u00e3o internacional e, assim, \u00eaxito no processo licitat\u00f3rio\u201d.<\/p>\n<p>No \u00faltimo m\u00eas, a Ferrovia Oeste Leste teve dois lotes liberados pelo Instituto Brasileiro do Meio Ambiente e Recursos Naturais Renov\u00e1veis (Ibama). A concess\u00e3o de licen\u00e7a de instala\u00e7\u00e3o contemplou a constru\u00e7\u00e3o de uma ponte sobre o Rio S\u00e3o Francisco e o trecho entre Caetit\u00e9 a Bom Jesus da Lapa.<\/p>\n<p>&#8212;<br \/>\nCamila Peres<br \/>\nAssessora de imprensa<br \/>\nCasa Civil <\/p>\n","protected":false},"excerpt":{"rendered":"<p>A estatal Valec lan\u00e7ou nesta segunda-feira, 5, a nova licita\u00e7\u00e3o para aquisi\u00e7\u00e3o de trilhos que ser\u00e3o usados na constru\u00e7\u00e3o da Ferrovia de Integra\u00e7\u00e3o Oeste Leste (Fiol) na Bahia. A data de abertura do preg\u00e3o est\u00e1 marcada para dia 18 de setembro, quando ocorrer\u00e1 a abertura dos envelopes na sede da empresa, em Bras\u00edlia. O tipo [&hellip;]<\/p>\n","protected":false},"author":2,"featured_media":0,"comment_status":"open","ping_status":"open","sticky":false,"template":"","format":"standard","meta":{"_links_to":"","_links_to_target":""},"categories":[29],"tags":[],"_links":{"self":[{"href":"https:\/\/www.r2cpress.com.br\/v1\/wp-json\/wp\/v2\/posts\/69806"}],"collection":[{"href":"https:\/\/www.r2cpress.com.br\/v1\/wp-json\/wp\/v2\/posts"}],"about":[{"href":"https:\/\/www.r2cpress.com.br\/v1\/wp-json\/wp\/v2\/types\/post"}],"author":[{"embeddable":true,"href":"https:\/\/www.r2cpress.com.br\/v1\/wp-json\/wp\/v2\/users\/2"}],"replies":[{"embeddable":true,"href":"https:\/\/www.r2cpress.com.br\/v1\/wp-json\/wp\/v2\/comments?post=69806"}],"version-history":[{"count":2,"href":"https:\/\/www.r2cpress.com.br\/v1\/wp-json\/wp\/v2\/posts\/69806\/revisions"}],"predecessor-version":[{"id":69808,"href":"https:\/\/www.r2cpress.com.br\/v1\/wp-json\/wp\/v2\/posts\/69806\/revisions\/69808"}],"wp:attachment":[{"href":"https:\/\/www.r2cpress.com.br\/v1\/wp-json\/wp\/v2\/media?parent=69806"}],"wp:term":[{"taxonomy":"category","embeddable":true,"href":"https:\/\/www.r2cpress.com.br\/v1\/wp-json\/wp\/v2\/categories?post=69806"},{"taxonomy":"post_tag","embeddable":true,"href":"https:\/\/www.r2cpress.com.br\/v1\/wp-json\/wp\/v2\/tags?post=69806"}],"curies":[{"name":"wp","href":"https:\/\/api.w.org\/{rel}","templated":true}]}}