{"id":69870,"date":"2013-08-06T13:36:25","date_gmt":"2013-08-06T16:36:25","guid":{"rendered":"http:\/\/www.r2cpress.com.br\/v1\/?p=69870"},"modified":"2013-08-06T13:36:25","modified_gmt":"2013-08-06T16:36:25","slug":"creas-de-ilheus-reabilita-27-adolescentes-para-o-convivio-social","status":"publish","type":"post","link":"https:\/\/www.r2cpress.com.br\/v1\/2013\/08\/06\/creas-de-ilheus-reabilita-27-adolescentes-para-o-convivio-social\/","title":{"rendered":"Creas de Ilh\u00e9us reabilita 27 adolescentes para o conv\u00edvio social"},"content":{"rendered":"<p><em><strong>Os jovens foram reabilitados, segundo parecer da Vara da Inf\u00e2ncia e da Juventude, Minist\u00e9rio P\u00fablico e Defensoria P\u00fablica de Ilh\u00e9us, ap\u00f3s cumprirem medidas socioeducativas.<\/strong><\/em><\/p>\n<p>Trinta e um adolescentes de Ilh\u00e9us, na faixa et\u00e1ria entre 13 e 19 anos, que cometiam atos infracion\u00e1rios, foram reabilitados para o conv\u00edvio social, segundo parecer da Vara da Inf\u00e2ncia e da Juventude, Minist\u00e9rio P\u00fablico e Defensoria P\u00fablica, ap\u00f3s cumprirem as medidas socioeducativas realizadas pelo Centro de Refer\u00eancia Especializado em Assist\u00eancia Social \u2013 Medidas Socioeducativas (Creas-SME). O programa \u00e9 resultado da parceria entre a Prefeitura Municipal, atrav\u00e9s da Secretaria de Desenvolvimento Social (SMS), com os governos Federal e Estadual.<\/p>\n<p>Segundo a coordenadora de Medidas Socioeducativas do Creas do munic\u00edpio, Fanny Magalh\u00e3es Rossi, os adolescentes passaram por oficinas de arte, espiritualidade, sexualidade, emprego e renda, cidadania, refor\u00e7o escolar. Tamb\u00e9m participaram de atividades em grupo e em fam\u00edlia e foram acompanhados por psicol\u00f3gicos e assistentes sociais.<\/p>\n<p>Fanny Rossi ressalta que \u00e9 imprescind\u00edvel ao processo de reabilita\u00e7\u00e3o que os adolescentes estejam matriculados e frequentando assiduamente a escola. \u201cAl\u00e9m disso, segundo a determina\u00e7\u00e3o da Vara da Inf\u00e2ncia, alguns adolescentes cumprem medidas atrav\u00e9s da Presta\u00e7\u00e3o de Servi\u00e7os Comunit\u00e1rios (PSC)\u201d, completa.<\/p>\n<p><!--more--><\/p>\n<p>A coordenadora destaca que durante todo o per\u00edodo de reabilita\u00e7\u00e3o os adolescentes s\u00e3o acompanhados pelos educadores do Creas. Periodicamente, os psic\u00f3logos e assistentes sociais encaminham relat\u00f3rios aos \u00f3rg\u00e3os de prote\u00e7\u00e3o ao menor e fiscalizadores, que  analisam se eles podem deixar os programas do centro.<\/p>\n<p>\u201cSomente ap\u00f3s as audi\u00eancias com a Vara da Inf\u00e2ncia e da Juventude, com o Minist\u00e9rio P\u00fablico e com a Defensoria P\u00fablica do Munic\u00edpio que \u00e9 definido se o socioeducando est\u00e1 apto ou n\u00e3o para retornar ao conv\u00edvio social\u201d, explica Fanny Rossi. \u201cApenas com a determina\u00e7\u00e3o desses \u00f3rg\u00e3os, permitimos que os adolescentes deixem as oficinas e programas do Creas\u201d, ratifica.<\/p>\n<p>Sinase \u2013 O secret\u00e1rio de Desenvolvimento Social, Jamil Ock\u00e9, enfatiza a import\u00e2ncia do Creas-MSE como um instrumento que auxilia e ap\u00f3ia jovens que cumprem medida judicial. \u201cO programa \u00e9 importante para  a  reintegra\u00e7\u00e3o deles \u00e0 sociedade, por meio atrav\u00e9s de oficinas e cursos profissionalizantes\u201d\u201d, destaca.<\/p>\n<p>O Creas-MSE segue as regras estabelecidas pelo Sistema Nacional de Atendimento Socioeducativo (Sinase), Lei n\u00ba 12594\/12, e trabalha com equipe multidisciplinar, cujo objetivo \u00e9 a implementa\u00e7\u00e3o de pol\u00edticas p\u00fablicas especificamente destinadas aos adolescentes e suas fam\u00edlias. De acordo Fanny Rossi, \u201co Creas MSE identifica atrav\u00e9s do Plano de Atendimento Individual (PIA), as causas da conduta infracional para solucionar os problemas a eles relacionados\u201d. Esse servi\u00e7o \u00e9 articulado com a rede de prote\u00e7\u00e3o existente no munic\u00edpio e tamb\u00e9m com o sistema de Justi\u00e7a da Inf\u00e2ncia e da Juventude.<\/p>\n<p>O programa atende atualmente cerca de 60 adolescentes autores de ato infracional, que cumprem medidas conforme determina\u00e7\u00e3o judicial da Vara da Inf\u00e2ncia e Adolesc\u00eancia. O sistema socioeducativo define pap\u00e9is e responsabilidades, e tenta reinserir os jovens na sociedade, escola e no mercado de trabalho.<\/p>\n<p>Este procedimento tem um prazo m\u00ednimo de seis meses de dura\u00e7\u00e3o, determinado pela Vara da Inf\u00e2ncia e acompanhado pelo Minist\u00e9rio P\u00fablico e Defensoria P\u00fablica. Durante esse per\u00edodo, caso o adolescente cumpra todas as obriga\u00e7\u00f5es determinadas pela Justi\u00e7a, ele estar\u00e1 apto a retornar \u00e0 sociedade, caso n\u00e3o cumpra, novas medidas ser\u00e3o estabelecidas pela autoridade judicial, para serem cumpridas por prazo determinado.<\/p>\n<p>&#8212;<br \/>\nSecretaria de Comunica\u00e7\u00e3o Social (Secom)<br \/>\nIlh\u00e9us \u2013 06.08.2013<\/p>\n","protected":false},"excerpt":{"rendered":"<p>Os jovens foram reabilitados, segundo parecer da Vara da Inf\u00e2ncia e da Juventude, Minist\u00e9rio P\u00fablico e Defensoria P\u00fablica de Ilh\u00e9us, ap\u00f3s cumprirem medidas socioeducativas. Trinta e um adolescentes de Ilh\u00e9us, na faixa et\u00e1ria entre 13 e 19 anos, que cometiam atos infracion\u00e1rios, foram reabilitados para o conv\u00edvio social, segundo parecer da Vara da Inf\u00e2ncia e [&hellip;]<\/p>\n","protected":false},"author":2,"featured_media":0,"comment_status":"open","ping_status":"open","sticky":false,"template":"","format":"standard","meta":{"_links_to":"","_links_to_target":""},"categories":[23],"tags":[],"_links":{"self":[{"href":"https:\/\/www.r2cpress.com.br\/v1\/wp-json\/wp\/v2\/posts\/69870"}],"collection":[{"href":"https:\/\/www.r2cpress.com.br\/v1\/wp-json\/wp\/v2\/posts"}],"about":[{"href":"https:\/\/www.r2cpress.com.br\/v1\/wp-json\/wp\/v2\/types\/post"}],"author":[{"embeddable":true,"href":"https:\/\/www.r2cpress.com.br\/v1\/wp-json\/wp\/v2\/users\/2"}],"replies":[{"embeddable":true,"href":"https:\/\/www.r2cpress.com.br\/v1\/wp-json\/wp\/v2\/comments?post=69870"}],"version-history":[{"count":2,"href":"https:\/\/www.r2cpress.com.br\/v1\/wp-json\/wp\/v2\/posts\/69870\/revisions"}],"predecessor-version":[{"id":69872,"href":"https:\/\/www.r2cpress.com.br\/v1\/wp-json\/wp\/v2\/posts\/69870\/revisions\/69872"}],"wp:attachment":[{"href":"https:\/\/www.r2cpress.com.br\/v1\/wp-json\/wp\/v2\/media?parent=69870"}],"wp:term":[{"taxonomy":"category","embeddable":true,"href":"https:\/\/www.r2cpress.com.br\/v1\/wp-json\/wp\/v2\/categories?post=69870"},{"taxonomy":"post_tag","embeddable":true,"href":"https:\/\/www.r2cpress.com.br\/v1\/wp-json\/wp\/v2\/tags?post=69870"}],"curies":[{"name":"wp","href":"https:\/\/api.w.org\/{rel}","templated":true}]}}