{"id":6988,"date":"2011-01-20T09:58:09","date_gmt":"2011-01-20T12:58:09","guid":{"rendered":"http:\/\/www.r2cpress.com.br\/v1\/?p=6988"},"modified":"2011-01-20T09:58:09","modified_gmt":"2011-01-20T12:58:09","slug":"regulamentacao-dos-tecnologos-2","status":"publish","type":"post","link":"https:\/\/www.r2cpress.com.br\/v1\/2011\/01\/20\/regulamentacao-dos-tecnologos-2\/","title":{"rendered":"Regulamenta\u00e7\u00e3o dos Tecn\u00f3logos"},"content":{"rendered":"<p>De: Max Silva Cruz <max @camargocorrea.com><br \/>\nAssunto: <strong>Regulamenta\u00e7\u00e3o dos Tecn\u00f3logos<\/strong><\/p>\n<p>Corpo da mensagem:<br \/>\nBom dia,Roberto.<\/p>\n<p>Achei interessante a mat\u00e9ria sobre a regulamenta\u00e7\u00e3o do profissional Tecn\u00f3logo. Sou formado em Tecn\u00f3logo de Seguran\u00e7a do Trabalho e gostaria de saber se tem mais alguma novidade sobre este assunto. Vi tamb\u00e9m que existe uma proposta de n.\u00ba 027\/2010 CCEEST de 09 e 10 de dezembro 2010 &#8211; Bras\u00edlia &#8211; DF, com o assunto sobre a altera\u00e7\u00e3o da resolu\u00e7\u00e3o 473\/2002, para incluir na tabela de t\u00edtulos profissionais do sistema CONFEA\/CREAS o Tecn\u00f3logo de Seguran\u00e7a do Trabalho. Tem informa\u00e7\u00e3o tamb\u00e9m sobre este assunto.<\/p>\n<p>Agrade\u00e7o e fico no aguardo de respostas, caso seja poss\u00edvel.<\/p>\n<p>Obrigado,<\/p>\n<p>Max Silva Cruz<\/p>\n<p>DPE\/Ger\u00eancia de SSMA &#038; Sustentabilidade<br \/>\nUsina e Eclusas de Tucurui \u2013 UT 425\/426<br \/>\nCamargo Corr\u00eaa \u2013 Engenharia e Constru\u00e7\u00e3o<br \/>\ntel.: (94) 3787-8278<br \/>\ncel.: (94) 8114-1960<br \/>\nmax@camargocorrea.com<br \/>\nwww.camargocorrea.com.br<\/p>\n<p>&#8212;<br \/>\nEsta mensagem foi enviada atrav\u00e9s do formul\u00e1rio de contato do site R2CPRESS | A Letra Fria da Verdade http:\/\/www.r2cpress.com.br\/v1<\/max><\/p>\n","protected":false},"excerpt":{"rendered":"<p>De: Max Silva Cruz Assunto: Regulamenta\u00e7\u00e3o dos Tecn\u00f3logos Corpo da mensagem: Bom dia,Roberto. Achei interessante a mat\u00e9ria sobre a regulamenta\u00e7\u00e3o do profissional Tecn\u00f3logo. Sou formado em Tecn\u00f3logo de Seguran\u00e7a do Trabalho e gostaria de saber se tem mais alguma novidade sobre este assunto. Vi tamb\u00e9m que existe uma proposta de n.\u00ba 027\/2010 CCEEST de 09 [&hellip;]<\/p>\n","protected":false},"author":2,"featured_media":0,"comment_status":"open","ping_status":"open","sticky":false,"template":"","format":"standard","meta":{"_links_to":"","_links_to_target":""},"categories":[10],"tags":[],"_links":{"self":[{"href":"https:\/\/www.r2cpress.com.br\/v1\/wp-json\/wp\/v2\/posts\/6988"}],"collection":[{"href":"https:\/\/www.r2cpress.com.br\/v1\/wp-json\/wp\/v2\/posts"}],"about":[{"href":"https:\/\/www.r2cpress.com.br\/v1\/wp-json\/wp\/v2\/types\/post"}],"author":[{"embeddable":true,"href":"https:\/\/www.r2cpress.com.br\/v1\/wp-json\/wp\/v2\/users\/2"}],"replies":[{"embeddable":true,"href":"https:\/\/www.r2cpress.com.br\/v1\/wp-json\/wp\/v2\/comments?post=6988"}],"version-history":[{"count":2,"href":"https:\/\/www.r2cpress.com.br\/v1\/wp-json\/wp\/v2\/posts\/6988\/revisions"}],"predecessor-version":[{"id":6990,"href":"https:\/\/www.r2cpress.com.br\/v1\/wp-json\/wp\/v2\/posts\/6988\/revisions\/6990"}],"wp:attachment":[{"href":"https:\/\/www.r2cpress.com.br\/v1\/wp-json\/wp\/v2\/media?parent=6988"}],"wp:term":[{"taxonomy":"category","embeddable":true,"href":"https:\/\/www.r2cpress.com.br\/v1\/wp-json\/wp\/v2\/categories?post=6988"},{"taxonomy":"post_tag","embeddable":true,"href":"https:\/\/www.r2cpress.com.br\/v1\/wp-json\/wp\/v2\/tags?post=6988"}],"curies":[{"name":"wp","href":"https:\/\/api.w.org\/{rel}","templated":true}]}}