{"id":69907,"date":"2013-08-07T18:51:48","date_gmt":"2013-08-07T21:51:48","guid":{"rendered":"http:\/\/www.r2cpress.com.br\/v1\/?p=69907"},"modified":"2013-08-07T18:51:48","modified_gmt":"2013-08-07T21:51:48","slug":"cidadao-em-situacao-de-rua-e-atendido-por-agentes-municipais","status":"publish","type":"post","link":"https:\/\/www.r2cpress.com.br\/v1\/2013\/08\/07\/cidadao-em-situacao-de-rua-e-atendido-por-agentes-municipais\/","title":{"rendered":"Cidad\u00e3o em situa\u00e7\u00e3o de rua \u00e9 atendido por agentes municipais"},"content":{"rendered":"<p><em><strong>A Secretaria Municipal de Desenvolvimento Social est\u00e1 tentando localizar a fam\u00edlia do jovem para tomar as devidas medidas de aten\u00e7\u00e3o ao cidad\u00e3o em situa\u00e7\u00e3o de rua.<\/strong><\/em><\/p>\n<div id=\"attachment_69908\" style=\"width: 560px\" class=\"wp-caption aligncenter\"><a href=\"http:\/\/www.r2cpress.com.br\/v1\/wp-content\/uploads\/Atendimento-a-cidad\u00e3o-em-situa\u00e7\u00e3o-de-rua-Foto-produzida-pela-equipe-Ilh\u00e9us-060813.jpg\"><img aria-describedby=\"caption-attachment-69908\" loading=\"lazy\" src=\"http:\/\/www.r2cpress.com.br\/v1\/wp-content\/uploads\/Atendimento-a-cidad\u00e3o-em-situa\u00e7\u00e3o-de-rua-Foto-produzida-pela-equipe-Ilh\u00e9us-060813.jpg\" alt=\"Atendimento a cidad\u00e3o em situa\u00e7\u00e3o de rua - Foto produzida pela equipe - Ilh\u00e9us 060813\" width=\"550\" height=\"413\" class=\"size-full wp-image-69908\" srcset=\"https:\/\/www.r2cpress.com.br\/v1\/wp-content\/uploads\/Atendimento-a-cidad\u00e3o-em-situa\u00e7\u00e3o-de-rua-Foto-produzida-pela-equipe-Ilh\u00e9us-060813.jpg 550w, https:\/\/www.r2cpress.com.br\/v1\/wp-content\/uploads\/Atendimento-a-cidad\u00e3o-em-situa\u00e7\u00e3o-de-rua-Foto-produzida-pela-equipe-Ilh\u00e9us-060813-300x225.jpg 300w\" sizes=\"(max-width: 550px) 100vw, 550px\" \/><\/a><p id=\"caption-attachment-69908\" class=\"wp-caption-text\">Atendimento a cidad\u00e3o em situa\u00e7\u00e3o de rua &#8211; Foto produzida pela equipe &#8211; Ilh\u00e9us 060813<\/p><\/div>\n<p>A Prefeitura de Ilh\u00e9us, atrav\u00e9s das secretarias de Desenvolvimento Social (SDS) e de Sa\u00fade (Sesau), em parceria com a Pol\u00edcia Militar, conseguiu realizar uma interven\u00e7\u00e3o assistencial com o jovem Anderson de Andrade Concei\u00e7\u00e3o, que vive em situa\u00e7\u00e3o de rua. A equipe, formada por psic\u00f3logos e assistentes social, acolheu o cidad\u00e3o e o encaminhou ao Hospital Geral Luiz Viana Filho para avalia\u00e7\u00e3o m\u00e9dica, na ter\u00e7a-feira, dia 06. Toda a a\u00e7\u00e3o ocorreu no per\u00edodo das 8 \u00e0s 13h30.<\/p>\n<p><!--more--><\/p>\n<p>De acordo com a agente da SDS, St\u00e9phanie Carmo, anteriormente foram realizadas tentativas de aproxima\u00e7\u00e3o para o internamento do cidad\u00e3o, mas este se mostrava resistente. \u201cNesta \u00faltima tentativa, ele colaborou informando seus dados pessoais e seguindo junto com o SAMU para observa\u00e7\u00e3o e poss\u00edvel internamento no hospital geral por conta dos s\u00e9rios problemas relativos \u00e0 haste de metal inserida em sua perna\u201d, informou. \u201cMesmo assim ele apresentou um quadro de surto e tentou agredir a equipe\u201d, comentaram o psic\u00f3logo Jos\u00e9 Carlos Ara\u00fajo e a assistente social do N\u00facleo de Aten\u00e7\u00e3o Especializada (NAE), Rose Vieira.<\/p>\n<p>Ap\u00f3s atendimento, Anderson, que afirma ter 29 anos e ser natural de Camac\u00e3, deixou o hospital e voltou \u00e0s ruas da cidade. A SDS est\u00e1 tentando localizar a fam\u00edlia do jovem para tomar as devidas medidas de aten\u00e7\u00e3o ao cidad\u00e3o em situa\u00e7\u00e3o de rua. Qualquer informa\u00e7\u00e3o pode ser levada ao setor de Servi\u00e7o Social na sede da secretaria (Rua M\u00e1rio Alfredo,s\/n, Avenida Itabuna), no per\u00edodo das 8 \u00e0s 14 horas. <\/p>\n","protected":false},"excerpt":{"rendered":"<p>A Secretaria Municipal de Desenvolvimento Social est\u00e1 tentando localizar a fam\u00edlia do jovem para tomar as devidas medidas de aten\u00e7\u00e3o ao cidad\u00e3o em situa\u00e7\u00e3o de rua. A Prefeitura de Ilh\u00e9us, atrav\u00e9s das secretarias de Desenvolvimento Social (SDS) e de Sa\u00fade (Sesau), em parceria com a Pol\u00edcia Militar, conseguiu realizar uma interven\u00e7\u00e3o assistencial com o jovem [&hellip;]<\/p>\n","protected":false},"author":2,"featured_media":0,"comment_status":"open","ping_status":"open","sticky":false,"template":"","format":"standard","meta":{"_links_to":"","_links_to_target":""},"categories":[23],"tags":[],"_links":{"self":[{"href":"https:\/\/www.r2cpress.com.br\/v1\/wp-json\/wp\/v2\/posts\/69907"}],"collection":[{"href":"https:\/\/www.r2cpress.com.br\/v1\/wp-json\/wp\/v2\/posts"}],"about":[{"href":"https:\/\/www.r2cpress.com.br\/v1\/wp-json\/wp\/v2\/types\/post"}],"author":[{"embeddable":true,"href":"https:\/\/www.r2cpress.com.br\/v1\/wp-json\/wp\/v2\/users\/2"}],"replies":[{"embeddable":true,"href":"https:\/\/www.r2cpress.com.br\/v1\/wp-json\/wp\/v2\/comments?post=69907"}],"version-history":[{"count":2,"href":"https:\/\/www.r2cpress.com.br\/v1\/wp-json\/wp\/v2\/posts\/69907\/revisions"}],"predecessor-version":[{"id":69910,"href":"https:\/\/www.r2cpress.com.br\/v1\/wp-json\/wp\/v2\/posts\/69907\/revisions\/69910"}],"wp:attachment":[{"href":"https:\/\/www.r2cpress.com.br\/v1\/wp-json\/wp\/v2\/media?parent=69907"}],"wp:term":[{"taxonomy":"category","embeddable":true,"href":"https:\/\/www.r2cpress.com.br\/v1\/wp-json\/wp\/v2\/categories?post=69907"},{"taxonomy":"post_tag","embeddable":true,"href":"https:\/\/www.r2cpress.com.br\/v1\/wp-json\/wp\/v2\/tags?post=69907"}],"curies":[{"name":"wp","href":"https:\/\/api.w.org\/{rel}","templated":true}]}}