{"id":69921,"date":"2013-08-07T18:58:27","date_gmt":"2013-08-07T21:58:27","guid":{"rendered":"http:\/\/www.r2cpress.com.br\/v1\/?p=69921"},"modified":"2013-08-07T18:58:27","modified_gmt":"2013-08-07T21:58:27","slug":"quase-metade-das-escolas-municipais-de-ilheus-tem-aulas-normais","status":"publish","type":"post","link":"https:\/\/www.r2cpress.com.br\/v1\/2013\/08\/07\/quase-metade-das-escolas-municipais-de-ilheus-tem-aulas-normais\/","title":{"rendered":"Quase metade das escolas municipais de Ilh\u00e9us tem aulas normais"},"content":{"rendered":"<p>Apesar do movimento grevista dos servidores p\u00fablicos deflagrado em Ilh\u00e9us, desde o dia 22 de julho, 23 das 51 escolas da rede municipal de ensino est\u00e3o funcionando normalmente, conforme levantamento da Secretaria Municipal de Educa\u00e7\u00e3o (Seduc). Os alunos est\u00e3o sendo atendidos pelos professores contratados e aqueles pertencentes ao quadro da rede estadual de educa\u00e7\u00e3o.<\/p>\n<div id=\"attachment_69922\" style=\"width: 610px\" class=\"wp-caption aligncenter\"><a href=\"http:\/\/www.r2cpress.com.br\/v1\/wp-content\/uploads\/Alunos-em-sala-de-aula-na-Escola-Municipal-Heitor-Dias-foto-Gidelzo-Silva-Secom-Ilh\u00e9us.jpg\"><img aria-describedby=\"caption-attachment-69922\" loading=\"lazy\" src=\"http:\/\/www.r2cpress.com.br\/v1\/wp-content\/uploads\/Alunos-em-sala-de-aula-na-Escola-Municipal-Heitor-Dias-foto-Gidelzo-Silva-Secom-Ilh\u00e9us.jpg\" alt=\"Alunos em sala de aula na Escola Municipal Heitor Dias - foto Gidelzo Silva (Secom-Ilh\u00e9us)\" width=\"600\" height=\"293\" class=\"size-full wp-image-69922\" srcset=\"https:\/\/www.r2cpress.com.br\/v1\/wp-content\/uploads\/Alunos-em-sala-de-aula-na-Escola-Municipal-Heitor-Dias-foto-Gidelzo-Silva-Secom-Ilh\u00e9us.jpg 600w, https:\/\/www.r2cpress.com.br\/v1\/wp-content\/uploads\/Alunos-em-sala-de-aula-na-Escola-Municipal-Heitor-Dias-foto-Gidelzo-Silva-Secom-Ilh\u00e9us-300x146.jpg 300w\" sizes=\"(max-width: 600px) 100vw, 600px\" \/><\/a><p id=\"caption-attachment-69922\" class=\"wp-caption-text\">Alunos em sala de aula na Escola Municipal Heitor Dias &#8211; foto Gidelzo Silva (Secom-Ilh\u00e9us)<\/p><\/div>\n<p>A secret\u00e1ria municipal de Educa\u00e7\u00e3o, Marl\u00facia Rocha, faz um apelo aos professores da rede ilheense de ensino para que retornem \u00e0s salas de aula e mostra preocupa\u00e7\u00e3o em rela\u00e7\u00e3o \u00e0 reposi\u00e7\u00e3o dos dias paralisados. \u201cQuanto mais tempo durar o movimento, maior ser\u00e1 o per\u00edodo de reposi\u00e7\u00e3o das aulas, afetando os alunos e suas fam\u00edlias, que ficar\u00e3o com as f\u00e9rias comprometidas\u201d, alerta a secret\u00e1ria.<\/p>\n<p><!--more--><\/p>\n<p>Marl\u00facia Rocha enfatiza que a Secretaria de Educa\u00e7\u00e3o ter\u00e1 que estender as aulas para os meses de janeiro e fevereiro de 2014, a fim de atender a legisla\u00e7\u00e3o que determina um per\u00edodo m\u00ednimo de 200 dias para o ano letivo. Em reuni\u00e3o, na semana passada, o Conselho Municipal de Educa\u00e7\u00e3o ratificou a exig\u00eancia pelo cumprimento do calend\u00e1rio letivo. \u201cPor isso, chamamos aten\u00e7\u00e3o dos pais e da comunidade para as escolas que j\u00e1 retomaram as atividades, a fim de acelerar o processo de reposi\u00e7\u00e3o das aulas\u201d.<\/p>\n<p>Conforme o levantamento da Seduc, est\u00e3o funcionando as escolas municipais Bar\u00e3o de Maca\u00fabas (Pontal), Mariane Eckes (Barra), Heitor Dias (centro), Odete Salma (Malhado), Vila Nazar\u00e9 (Tet\u00f4nio Vilela), Gis\u00e9lia Soares (Nelson Costa), Herval Soledade (Banco da Vit\u00f3ria), Batista Memorial (Malhado), Pequeno Davi (Parque Infantil), Paulo Freire (Teot\u00f4nio Vilela), Dom Valfredo Tepe (Nossa Senhora da Vit\u00f3ria) e Escola de Educa\u00e7\u00e3o Infantil (Teot\u00f4nio Vilela).<\/p>\n<p>E tamb\u00e9m as Escolas Municipais do Iguape, Salobrinho, Barra de Ita\u00edpe, Bas\u00edlio, Banco do Pedro, Castelo Novo e Santo Ant\u00f4nio. Est\u00e3o com as aulas normalizadas as turmas atendidas pelos professores da rede estadual do Centro de Conviv\u00eancia Pastor Severino (Nelson Costa), Promo\u00e7\u00e3o \u00e0 Vida (Barreira), Escola de Menores S\u00e3o Jo\u00e3o Bosco (Banco da Vit\u00f3ria) e Escola Em\u00edlia de Brito Correia (Teot\u00f4nio Vilela).<\/p>\n<p>&#8212;<br \/>\nSecretaria de Comunica\u00e7\u00e3o Social (Secom)<br \/>\nIlh\u00e9us \u2013 07.08.2013<\/p>\n","protected":false},"excerpt":{"rendered":"<p>Apesar do movimento grevista dos servidores p\u00fablicos deflagrado em Ilh\u00e9us, desde o dia 22 de julho, 23 das 51 escolas da rede municipal de ensino est\u00e3o funcionando normalmente, conforme levantamento da Secretaria Municipal de Educa\u00e7\u00e3o (Seduc). Os alunos est\u00e3o sendo atendidos pelos professores contratados e aqueles pertencentes ao quadro da rede estadual de educa\u00e7\u00e3o. A [&hellip;]<\/p>\n","protected":false},"author":2,"featured_media":0,"comment_status":"open","ping_status":"open","sticky":false,"template":"","format":"standard","meta":{"_links_to":"","_links_to_target":""},"categories":[23],"tags":[],"_links":{"self":[{"href":"https:\/\/www.r2cpress.com.br\/v1\/wp-json\/wp\/v2\/posts\/69921"}],"collection":[{"href":"https:\/\/www.r2cpress.com.br\/v1\/wp-json\/wp\/v2\/posts"}],"about":[{"href":"https:\/\/www.r2cpress.com.br\/v1\/wp-json\/wp\/v2\/types\/post"}],"author":[{"embeddable":true,"href":"https:\/\/www.r2cpress.com.br\/v1\/wp-json\/wp\/v2\/users\/2"}],"replies":[{"embeddable":true,"href":"https:\/\/www.r2cpress.com.br\/v1\/wp-json\/wp\/v2\/comments?post=69921"}],"version-history":[{"count":2,"href":"https:\/\/www.r2cpress.com.br\/v1\/wp-json\/wp\/v2\/posts\/69921\/revisions"}],"predecessor-version":[{"id":69924,"href":"https:\/\/www.r2cpress.com.br\/v1\/wp-json\/wp\/v2\/posts\/69921\/revisions\/69924"}],"wp:attachment":[{"href":"https:\/\/www.r2cpress.com.br\/v1\/wp-json\/wp\/v2\/media?parent=69921"}],"wp:term":[{"taxonomy":"category","embeddable":true,"href":"https:\/\/www.r2cpress.com.br\/v1\/wp-json\/wp\/v2\/categories?post=69921"},{"taxonomy":"post_tag","embeddable":true,"href":"https:\/\/www.r2cpress.com.br\/v1\/wp-json\/wp\/v2\/tags?post=69921"}],"curies":[{"name":"wp","href":"https:\/\/api.w.org\/{rel}","templated":true}]}}