{"id":69926,"date":"2013-08-07T19:06:20","date_gmt":"2013-08-07T22:06:20","guid":{"rendered":"http:\/\/www.r2cpress.com.br\/v1\/?p=69926"},"modified":"2013-08-07T19:06:20","modified_gmt":"2013-08-07T22:06:20","slug":"final-de-semana-tem-basquete-e-solidariedade-em-ilheus","status":"publish","type":"post","link":"https:\/\/www.r2cpress.com.br\/v1\/2013\/08\/07\/final-de-semana-tem-basquete-e-solidariedade-em-ilheus\/","title":{"rendered":"Final de semana tem basquete e solidariedade em Ilh\u00e9us"},"content":{"rendered":"<p><em><strong>O 1\u00ba Torneio de Basquete A\u00e7\u00e3o e Coopera\u00e7\u00e3o de Ilh\u00e9us vai arrecadar alimentos que ser\u00e3o doados \u00e0 Casa de Apoio aos Portadores de C\u00e2ncer Dom Eduardo.<\/strong><\/em><\/p>\n<div id=\"attachment_69927\" style=\"width: 610px\" class=\"wp-caption aligncenter\"><a href=\"http:\/\/www.r2cpress.com.br\/v1\/wp-content\/uploads\/I-Torneio-de-Basquete-A\u00e7\u00e3o-e-Coopera\u00e7\u00e3o-Foto-Divulga\u00e7\u00e3o-07.08.2013.jpg\"><img aria-describedby=\"caption-attachment-69927\" loading=\"lazy\" src=\"http:\/\/www.r2cpress.com.br\/v1\/wp-content\/uploads\/I-Torneio-de-Basquete-A\u00e7\u00e3o-e-Coopera\u00e7\u00e3o-Foto-Divulga\u00e7\u00e3o-07.08.2013.jpg\" alt=\"I Torneio de Basquete A\u00e7\u00e3o e Coopera\u00e7\u00e3o - Foto Divulga\u00e7\u00e3o (07.08.2013)\" width=\"600\" height=\"466\" class=\"size-full wp-image-69927\" srcset=\"https:\/\/www.r2cpress.com.br\/v1\/wp-content\/uploads\/I-Torneio-de-Basquete-A\u00e7\u00e3o-e-Coopera\u00e7\u00e3o-Foto-Divulga\u00e7\u00e3o-07.08.2013.jpg 600w, https:\/\/www.r2cpress.com.br\/v1\/wp-content\/uploads\/I-Torneio-de-Basquete-A\u00e7\u00e3o-e-Coopera\u00e7\u00e3o-Foto-Divulga\u00e7\u00e3o-07.08.2013-300x233.jpg 300w\" sizes=\"(max-width: 600px) 100vw, 600px\" \/><\/a><p id=\"caption-attachment-69927\" class=\"wp-caption-text\">I Torneio de Basquete A\u00e7\u00e3o e Coopera\u00e7\u00e3o &#8211; Foto Divulga\u00e7\u00e3o (07.08.2013)<\/p><\/div>\n<p>Atletas e apreciadores do basquete participar\u00e3o, neste s\u00e1bado e domingo, dias 10  e 11, do 1\u00ba Torneio de Basquete A\u00e7\u00e3o e Coopera\u00e7\u00e3o de Ilh\u00e9us, no Gin\u00e1sio de Esportes Herval Soledade. O evento \u00e9 realizado pela Liga Ilheense de Basquete, em parceria com a Divis\u00e3o de Esportes da Prefeitura Municipal, e tem por objetivo n\u00e3o apenas a pr\u00e1tica esportiva, mas tamb\u00e9m promover uma discuss\u00e3o sobre o cen\u00e1rio da modalidade no pa\u00eds. <\/p>\n<p>Na abertura do torneio, a partir das 18 horas do s\u00e1bado, ser\u00e1 proferida palestra seguida de debate pelo presidente da Liga de Basquete da Universidade de Bras\u00edlia (UNIB), Rafael Silveira. Ap\u00f3s as discuss\u00f5es, ter\u00e1 inicio o campeonato com a participa\u00e7\u00e3o das equipes de Ilh\u00e9us, Itabuna, Itaju\u00edpe e Ibicara\u00ed, que seguem at\u00e9 a manh\u00e3 do domingo.<\/p>\n<p>O torneio tem car\u00e1ter beneficente. Cada atleta doar\u00e1 um quilo de alimento n\u00e3o perec\u00edvel, que ser\u00e1 doado \u00e0 Casa de Apoio ao C\u00e2ncer Dom Eduardo. Apreciadores da modalidade que quiserem assistir a palestre e os jogos dever\u00e3o tamb\u00e9m levar um quilo de alimento.<\/p>\n<p>&#8212;<br \/>\nSecretaria de Comunica\u00e7\u00e3o Social (Secom)<br \/>\nIlh\u00e9us \u2013 07.08.2013<\/p>\n","protected":false},"excerpt":{"rendered":"<p>O 1\u00ba Torneio de Basquete A\u00e7\u00e3o e Coopera\u00e7\u00e3o de Ilh\u00e9us vai arrecadar alimentos que ser\u00e3o doados \u00e0 Casa de Apoio aos Portadores de C\u00e2ncer Dom Eduardo. Atletas e apreciadores do basquete participar\u00e3o, neste s\u00e1bado e domingo, dias 10 e 11, do 1\u00ba Torneio de Basquete A\u00e7\u00e3o e Coopera\u00e7\u00e3o de Ilh\u00e9us, no Gin\u00e1sio de Esportes Herval [&hellip;]<\/p>\n","protected":false},"author":2,"featured_media":0,"comment_status":"open","ping_status":"open","sticky":false,"template":"","format":"standard","meta":{"_links_to":"","_links_to_target":""},"categories":[23],"tags":[],"_links":{"self":[{"href":"https:\/\/www.r2cpress.com.br\/v1\/wp-json\/wp\/v2\/posts\/69926"}],"collection":[{"href":"https:\/\/www.r2cpress.com.br\/v1\/wp-json\/wp\/v2\/posts"}],"about":[{"href":"https:\/\/www.r2cpress.com.br\/v1\/wp-json\/wp\/v2\/types\/post"}],"author":[{"embeddable":true,"href":"https:\/\/www.r2cpress.com.br\/v1\/wp-json\/wp\/v2\/users\/2"}],"replies":[{"embeddable":true,"href":"https:\/\/www.r2cpress.com.br\/v1\/wp-json\/wp\/v2\/comments?post=69926"}],"version-history":[{"count":3,"href":"https:\/\/www.r2cpress.com.br\/v1\/wp-json\/wp\/v2\/posts\/69926\/revisions"}],"predecessor-version":[{"id":69930,"href":"https:\/\/www.r2cpress.com.br\/v1\/wp-json\/wp\/v2\/posts\/69926\/revisions\/69930"}],"wp:attachment":[{"href":"https:\/\/www.r2cpress.com.br\/v1\/wp-json\/wp\/v2\/media?parent=69926"}],"wp:term":[{"taxonomy":"category","embeddable":true,"href":"https:\/\/www.r2cpress.com.br\/v1\/wp-json\/wp\/v2\/categories?post=69926"},{"taxonomy":"post_tag","embeddable":true,"href":"https:\/\/www.r2cpress.com.br\/v1\/wp-json\/wp\/v2\/tags?post=69926"}],"curies":[{"name":"wp","href":"https:\/\/api.w.org\/{rel}","templated":true}]}}