{"id":69931,"date":"2013-08-07T19:10:34","date_gmt":"2013-08-07T22:10:34","guid":{"rendered":"http:\/\/www.r2cpress.com.br\/v1\/?p=69931"},"modified":"2013-08-07T19:10:34","modified_gmt":"2013-08-07T22:10:34","slug":"deputada-visita-festa-do-cafe-de-itabela-e-destaca-importancia-de-novas-tecnologias","status":"publish","type":"post","link":"https:\/\/www.r2cpress.com.br\/v1\/2013\/08\/07\/deputada-visita-festa-do-cafe-de-itabela-e-destaca-importancia-de-novas-tecnologias\/","title":{"rendered":"Deputada visita Festa do Caf\u00e9 de Itabela e destaca import\u00e2ncia de novas tecnologias"},"content":{"rendered":"<p>Com a proposta de conhecer os investimentos na agricultura e as novas tecnologias para aumentar a produ\u00e7\u00e3o e a qualidade do produto, a deputada estadual \u00c2ngela Sousa (PSD) participou da 9\u00aa festa do Caf\u00e9 em Itabela, realizada de 02 a 04 de agosto, no espa\u00e7o multiuso da Feira de Agroneg\u00f3cios, que esse ano recebeu em torno de 60 de expositores e contou com uma estrutura de dois palcos de shows, cinco camarotes para 500 pessoas e mais de 100 barracas com alimenta\u00e7\u00e3o e bebidas. A festa foi realizada pelo Sindicado dos Produtores Rurais e a Prefeitura Municipal de Itabela.<\/p>\n<div id=\"attachment_69932\" style=\"width: 510px\" class=\"wp-caption aligncenter\"><a href=\"http:\/\/www.r2cpress.com.br\/v1\/wp-content\/uploads\/festa-caf\u00e9-33-\u00e2ngela-souza.jpg\"><img aria-describedby=\"caption-attachment-69932\" loading=\"lazy\" src=\"http:\/\/www.r2cpress.com.br\/v1\/wp-content\/uploads\/festa-caf\u00e9-33-\u00e2ngela-souza.jpg\" alt=\"Dep. \u00c2ngela_Caf\u00e9_ em Itabela.\" width=\"500\" height=\"308\" class=\"size-full wp-image-69932\" srcset=\"https:\/\/www.r2cpress.com.br\/v1\/wp-content\/uploads\/festa-caf\u00e9-33-\u00e2ngela-souza.jpg 500w, https:\/\/www.r2cpress.com.br\/v1\/wp-content\/uploads\/festa-caf\u00e9-33-\u00e2ngela-souza-300x184.jpg 300w\" sizes=\"(max-width: 500px) 100vw, 500px\" \/><\/a><p id=\"caption-attachment-69932\" class=\"wp-caption-text\">Dep. \u00c2ngela_Caf\u00e9_ em Itabela.<\/p><\/div>\n<p>Nessa edi\u00e7\u00e3o o evento apresentou as mais novas tecnologias e tend\u00eancias no avan\u00e7o da cafeicultura do estado da Bahia, com foco no melhoramento da qualidade do produto. Durante o evento foram realizadas shows, palestras, Simp\u00f3sio de Pesquisa e apresenta\u00e7\u00e3o de m\u00e1quinas da mais nova gera\u00e7\u00e3o para a cafeicultura. Esse \u00e9 o terceiro ano consecutivo que a deputada estadual \u00c2ngela Sousa participa do evento e a cada edi\u00e7\u00e3o disse ter observado sempre novidades e a vontade dos produtores de melhorar a produ\u00e7\u00e3o. \u201cAdorei o que vi na Festa do Caf\u00e9. Itabela est\u00e1 de parab\u00e9ns por ter produtores de coragem para lidar com o campo e com a sabedoria de buscar novas tecnologias\u201d, ressaltou a parlamentar.<\/p>\n<p><!--more--><\/p>\n<p>\u00c2ngela Souza fez quest\u00e3o de visitar todos os estandes, conversar com os produtores, empres\u00e1rios e a comunidade de Itabala e debater sobre as maneiras que o Governo do Estado pode ajudar para melhorar e aumentar ainda mais a produ\u00e7\u00e3o de caf\u00e9 na regi\u00e3o. A deputada tamb\u00e9m participou de palestras realizadas no audit\u00f3rio montado no interior do pr\u00f3prio pavilh\u00e3o da feira, com as apresenta\u00e7\u00f5es de novas t\u00e9cnicas de cultivo aos produtores regionais, com objetivo de melhorias na produ\u00e7\u00e3o do caf\u00e9 e aumento de sua competitividade no mercado nacional e internacional. Ela tamb\u00e9m ressaltou a import\u00e2ncia da festa para a economia da cidade, j\u00e1 que o evento reuniu milhares de visitantes.<\/p>\n<p>Outro ponto destacado pela deputada foi a coragem e a determina\u00e7\u00e3o do presidente do Sindicato Rural de Itabela, Ednardo de Morais Oliveira, e de toda a sua diretoria de buscar realizar, junto com os produtores, empres\u00e1rios e a Prefeitura, a cada dia uma festa melhor. \u00c2ngela Sousa ressaltou ainda o valioso apoio das institui\u00e7\u00f5es parceiras, a exemplo do Sistema Faeb\/Senar, do Sebrae, das secret\u00e1rias estaduais de Agricultura e de Desenvolvimento e Integra\u00e7\u00e3o Regional, dos agentes financeiros, empres\u00e1rios e do governo municipal. \u201cO sucesso da 9\u00aa festa do Caf\u00e9 em Itabela se deve \u00e0 uni\u00e3o de todos e a vontade de buscar cada vez mais o desenvolvimento\u201d, finalizou. <\/p>\n<p>&#8212;<br \/>\nai\/dep<\/p>\n","protected":false},"excerpt":{"rendered":"<p>Com a proposta de conhecer os investimentos na agricultura e as novas tecnologias para aumentar a produ\u00e7\u00e3o e a qualidade do produto, a deputada estadual \u00c2ngela Sousa (PSD) participou da 9\u00aa festa do Caf\u00e9 em Itabela, realizada de 02 a 04 de agosto, no espa\u00e7o multiuso da Feira de Agroneg\u00f3cios, que esse ano recebeu em [&hellip;]<\/p>\n","protected":false},"author":2,"featured_media":0,"comment_status":"open","ping_status":"open","sticky":false,"template":"","format":"standard","meta":{"_links_to":"","_links_to_target":""},"categories":[22],"tags":[],"_links":{"self":[{"href":"https:\/\/www.r2cpress.com.br\/v1\/wp-json\/wp\/v2\/posts\/69931"}],"collection":[{"href":"https:\/\/www.r2cpress.com.br\/v1\/wp-json\/wp\/v2\/posts"}],"about":[{"href":"https:\/\/www.r2cpress.com.br\/v1\/wp-json\/wp\/v2\/types\/post"}],"author":[{"embeddable":true,"href":"https:\/\/www.r2cpress.com.br\/v1\/wp-json\/wp\/v2\/users\/2"}],"replies":[{"embeddable":true,"href":"https:\/\/www.r2cpress.com.br\/v1\/wp-json\/wp\/v2\/comments?post=69931"}],"version-history":[{"count":2,"href":"https:\/\/www.r2cpress.com.br\/v1\/wp-json\/wp\/v2\/posts\/69931\/revisions"}],"predecessor-version":[{"id":69934,"href":"https:\/\/www.r2cpress.com.br\/v1\/wp-json\/wp\/v2\/posts\/69931\/revisions\/69934"}],"wp:attachment":[{"href":"https:\/\/www.r2cpress.com.br\/v1\/wp-json\/wp\/v2\/media?parent=69931"}],"wp:term":[{"taxonomy":"category","embeddable":true,"href":"https:\/\/www.r2cpress.com.br\/v1\/wp-json\/wp\/v2\/categories?post=69931"},{"taxonomy":"post_tag","embeddable":true,"href":"https:\/\/www.r2cpress.com.br\/v1\/wp-json\/wp\/v2\/tags?post=69931"}],"curies":[{"name":"wp","href":"https:\/\/api.w.org\/{rel}","templated":true}]}}