{"id":69939,"date":"2013-08-07T19:15:37","date_gmt":"2013-08-07T22:15:37","guid":{"rendered":"http:\/\/www.r2cpress.com.br\/v1\/?p=69939"},"modified":"2013-08-07T19:15:37","modified_gmt":"2013-08-07T22:15:37","slug":"governador-recebe-comissao-do-mpl-nesta-sexta","status":"publish","type":"post","link":"https:\/\/www.r2cpress.com.br\/v1\/2013\/08\/07\/governador-recebe-comissao-do-mpl-nesta-sexta\/","title":{"rendered":"Governador recebe comiss\u00e3o do MPL nesta sexta"},"content":{"rendered":"<p>O governador Jaques Wagner se re\u00fane, nesta sexta-feira (9), com representantes do Movimento Passe Livre (MPL), na sede da Governadoria, no Centro Administrativo da Bahia, \u00e0s 17h.<\/p>\n<p>No encontro, a comiss\u00e3o do MPL e o governador discutir\u00e3o temas relacionados ao transporte p\u00fablico, como os sistemas ferrovi\u00e1rio e de metr\u00f4 da Regi\u00e3o Metropolitana, al\u00e9m das obras de mobilidade urbana em Salvador &#8211; ciclovias, a Via Expressa e duplica\u00e7\u00e3o de grandes avenidas.<\/p>\n<p>&#8230;<br \/>\nSecom  &#8211; Secretaria de Comunica\u00e7\u00e3o Social &#8211; Governo da Bahia<\/p>\n","protected":false},"excerpt":{"rendered":"<p>O governador Jaques Wagner se re\u00fane, nesta sexta-feira (9), com representantes do Movimento Passe Livre (MPL), na sede da Governadoria, no Centro Administrativo da Bahia, \u00e0s 17h. No encontro, a comiss\u00e3o do MPL e o governador discutir\u00e3o temas relacionados ao transporte p\u00fablico, como os sistemas ferrovi\u00e1rio e de metr\u00f4 da Regi\u00e3o Metropolitana, al\u00e9m das obras [&hellip;]<\/p>\n","protected":false},"author":2,"featured_media":0,"comment_status":"open","ping_status":"open","sticky":false,"template":"","format":"standard","meta":{"_links_to":"","_links_to_target":""},"categories":[29],"tags":[],"_links":{"self":[{"href":"https:\/\/www.r2cpress.com.br\/v1\/wp-json\/wp\/v2\/posts\/69939"}],"collection":[{"href":"https:\/\/www.r2cpress.com.br\/v1\/wp-json\/wp\/v2\/posts"}],"about":[{"href":"https:\/\/www.r2cpress.com.br\/v1\/wp-json\/wp\/v2\/types\/post"}],"author":[{"embeddable":true,"href":"https:\/\/www.r2cpress.com.br\/v1\/wp-json\/wp\/v2\/users\/2"}],"replies":[{"embeddable":true,"href":"https:\/\/www.r2cpress.com.br\/v1\/wp-json\/wp\/v2\/comments?post=69939"}],"version-history":[{"count":2,"href":"https:\/\/www.r2cpress.com.br\/v1\/wp-json\/wp\/v2\/posts\/69939\/revisions"}],"predecessor-version":[{"id":69941,"href":"https:\/\/www.r2cpress.com.br\/v1\/wp-json\/wp\/v2\/posts\/69939\/revisions\/69941"}],"wp:attachment":[{"href":"https:\/\/www.r2cpress.com.br\/v1\/wp-json\/wp\/v2\/media?parent=69939"}],"wp:term":[{"taxonomy":"category","embeddable":true,"href":"https:\/\/www.r2cpress.com.br\/v1\/wp-json\/wp\/v2\/categories?post=69939"},{"taxonomy":"post_tag","embeddable":true,"href":"https:\/\/www.r2cpress.com.br\/v1\/wp-json\/wp\/v2\/tags?post=69939"}],"curies":[{"name":"wp","href":"https:\/\/api.w.org\/{rel}","templated":true}]}}