{"id":69961,"date":"2013-08-07T21:19:57","date_gmt":"2013-08-08T00:19:57","guid":{"rendered":"http:\/\/www.r2cpress.com.br\/v1\/?p=69961"},"modified":"2013-08-07T21:19:57","modified_gmt":"2013-08-08T00:19:57","slug":"alfredo-amorim-da-silveira-em-10taques-84","status":"publish","type":"post","link":"https:\/\/www.r2cpress.com.br\/v1\/2013\/08\/07\/alfredo-amorim-da-silveira-em-10taques-84\/","title":{"rendered":"Alfredo Amorim da Silveira em \u201c10TAQUES\u201d"},"content":{"rendered":"<div id=\"attachment_69962\" style=\"width: 210px\" class=\"wp-caption aligncenter\"><a href=\"http:\/\/www.r2cpress.com.br\/v1\/wp-content\/uploads\/Francisco-Pastor-dos-Santos.jpg\"><img aria-describedby=\"caption-attachment-69962\" loading=\"lazy\" class=\"size-full wp-image-69962\" alt=\"Francisco Pastor dos Santos\" src=\"http:\/\/www.r2cpress.com.br\/v1\/wp-content\/uploads\/Francisco-Pastor-dos-Santos.jpg\" width=\"200\" height=\"296\" \/><\/a><p id=\"caption-attachment-69962\" class=\"wp-caption-text\">Francisco Pastor dos Santos<\/p><\/div>\n<p><img loading=\"lazy\" class=\"alignleft\" alt=\"\" src=\"http:\/\/www.r2cpress.com.br\/v1\/wp-content\/uploads\/alfredo-amorim-nova.jpg\" width=\"300\" height=\"105\" \/>Chico Pastor, como era conhecido, nasceu em Salvador em 16 de junho de 1903, filho de Celso Pastor dos Santos e Hermelina Santos Pastor, tinha duas irm\u00e3s: Guilhermina e Prisca.<\/p>\n<p>Ainda jovem veio morar em Ilh\u00e9us, cidade que adotou como sua e que amava com todo o seu cora\u00e7\u00e3o.<\/p>\n<p>Desde cedo descobriu o dom da mec\u00e2nica, passou dois anos no Rio de Janeiro se especializando na profiss\u00e3o, consertava at\u00e9 avi\u00e3o, era conhecido como \u201cMestre Chico\u201d, teve muitos aprendizes.<\/p>\n<p>Era uma pessoa muito querida e respeitada na cidade, tinha muitos amigos, Herval Soledade, Lib\u00e9rio Menezes, Anibal Granja, Raymundo Cruz, Manolo Barral, Marcolino Cunha, Amilton Amorim, Jos\u00e9 Mendon\u00e7a (O fot\u00f3grafo), Ariston Cardoso, Salom\u00e3o Rhem, S\u00e1 Barreto, Alberto Bichara Rabat (Ber\u00e1), Arlindo Melo, Ciro Fialho, Lulu Tavares, Jo\u00e3o Rodrigues Silveira, Siz\u00ednio Barros, Nerival Barros e muitos outros.<\/p>\n<p>Adorava futebol, era apaixonado pelo Vit\u00f3ria, aqui de Ilh\u00e9us, torcedor tamb\u00e9m do Vit\u00f3ria de Salvador e do Flamengo.<\/p>\n<p>Casou-se com Idelcina Vitorino Pastor, com quem teve duas filhas: Hermelina Pastor Romiszowsky, Doutora em Tecnologia Educacional e Maria do Socorro Pastor Diamantares Magalh\u00e3es, advogada. Criou suas filhas lhes dizendo que a maior riqueza de um Pa\u00eds \u00e9 o car\u00e1ter do cidad\u00e3o.<\/p>\n<p>Construiu o Posto Brasil onde tinha uma loja de autope\u00e7as, lavagem de carros, oficina mec\u00e2nica e servi\u00e7o de chaparia e pintura. Era considerado um mestre em sua profiss\u00e3o, n\u00e3o admitia que seu aprendiz n\u00e3o exercesse bem a sua profiss\u00e3o, pois para ele a coisa mais importante de um profissional era a presta\u00e7\u00e3o de um servi\u00e7o de qualidade.<\/p>\n<p>Fazia parte do Aero Clube de Ilh\u00e9us, onde aprendeu a pilotar.<\/p>\n<p>Faleceu em Salvador em 30 de maio de 1974, v\u00edtima de um AVC, seu corpo est\u00e1 sepultado no Cemit\u00e9rio do Campo Santo.<\/p>\n","protected":false},"excerpt":{"rendered":"<p>Chico Pastor, como era conhecido, nasceu em Salvador em 16 de junho de 1903, filho de Celso Pastor dos Santos e Hermelina Santos Pastor, tinha duas irm\u00e3s: Guilhermina e Prisca. Ainda jovem veio morar em Ilh\u00e9us, cidade que adotou como sua e que amava com todo o seu cora\u00e7\u00e3o. Desde cedo descobriu o dom da [&hellip;]<\/p>\n","protected":false},"author":2,"featured_media":0,"comment_status":"open","ping_status":"open","sticky":false,"template":"","format":"standard","meta":{"_links_to":"","_links_to_target":""},"categories":[10],"tags":[],"_links":{"self":[{"href":"https:\/\/www.r2cpress.com.br\/v1\/wp-json\/wp\/v2\/posts\/69961"}],"collection":[{"href":"https:\/\/www.r2cpress.com.br\/v1\/wp-json\/wp\/v2\/posts"}],"about":[{"href":"https:\/\/www.r2cpress.com.br\/v1\/wp-json\/wp\/v2\/types\/post"}],"author":[{"embeddable":true,"href":"https:\/\/www.r2cpress.com.br\/v1\/wp-json\/wp\/v2\/users\/2"}],"replies":[{"embeddable":true,"href":"https:\/\/www.r2cpress.com.br\/v1\/wp-json\/wp\/v2\/comments?post=69961"}],"version-history":[{"count":4,"href":"https:\/\/www.r2cpress.com.br\/v1\/wp-json\/wp\/v2\/posts\/69961\/revisions"}],"predecessor-version":[{"id":69966,"href":"https:\/\/www.r2cpress.com.br\/v1\/wp-json\/wp\/v2\/posts\/69961\/revisions\/69966"}],"wp:attachment":[{"href":"https:\/\/www.r2cpress.com.br\/v1\/wp-json\/wp\/v2\/media?parent=69961"}],"wp:term":[{"taxonomy":"category","embeddable":true,"href":"https:\/\/www.r2cpress.com.br\/v1\/wp-json\/wp\/v2\/categories?post=69961"},{"taxonomy":"post_tag","embeddable":true,"href":"https:\/\/www.r2cpress.com.br\/v1\/wp-json\/wp\/v2\/tags?post=69961"}],"curies":[{"name":"wp","href":"https:\/\/api.w.org\/{rel}","templated":true}]}}