{"id":69967,"date":"2013-08-07T21:32:55","date_gmt":"2013-08-08T00:32:55","guid":{"rendered":"http:\/\/www.r2cpress.com.br\/v1\/?p=69967"},"modified":"2013-08-07T21:32:55","modified_gmt":"2013-08-08T00:32:55","slug":"prefeito-de-ilheus-se-reune-com-gestores-da-educacao","status":"publish","type":"post","link":"https:\/\/www.r2cpress.com.br\/v1\/2013\/08\/07\/prefeito-de-ilheus-se-reune-com-gestores-da-educacao\/","title":{"rendered":"Prefeito de Ilh\u00e9us se re\u00fane com gestores da educa\u00e7\u00e3o"},"content":{"rendered":"<p><em><strong>Jabes Ribeiro esclareceu a situa\u00e7\u00e3o financeira do munic\u00edpio e a impossibilidade de reajustes salariais, neste ano, e pediu aos gestores para passar as informa\u00e7\u00f5es aos professores em greve.<\/strong><\/em><\/p>\n<p>O prefeito de Ilh\u00e9us, Jabes Ribeiro, acompanhado do vice e secret\u00e1rio de Ind\u00fastria e Com\u00e9rcio (Sedic), Carlos Machado (Cac\u00e1), e da secret\u00e1ria de Educa\u00e7\u00e3o, Marl\u00facia Rocha, esclareceu a situa\u00e7\u00e3o financeira do munic\u00edpio e a impossibilidade de reajustes salariais, neste ano, aos diretores e vice-diretores das unidades educacionais e aos chefes de departamentos da Secretaria Municipal de Educa\u00e7\u00e3o (Seduc). O encontro ocorreu na manh\u00e3 desta quarta-feira, dia 07, na sede do \u00f3rg\u00e3o.<\/p>\n<p>         Jabes Riberio falou das restri\u00e7\u00f5es impostas pela Lei de Responsabilidade Fiscal (LRF) e do Tribunal de Contas dos Munic\u00edpios (TCM) \u00e0s administra\u00e7\u00f5es p\u00fablicas e os cuidados necess\u00e1rios com os recursos municipais, sob pena de puni\u00e7\u00f5es. O prefeito pontuou avan\u00e7os na educa\u00e7\u00e3o neste primeiro semestre como o pagamento dos sal\u00e1rios n\u00e3o pagos pela gest\u00e3o passada e a regulariza\u00e7\u00e3o dos vencimentos neste ano, a quita\u00e7\u00e3o de d\u00edvidas junto ao governo Federal para assegurar os repasses da merenda escolar e do transporte dos estudantes, a retomada do projeto de Gr\u00e3o em Gr\u00e3o, al\u00e9m da realiza\u00e7\u00e3o de reformas de unidades educacionais, em parceria com a comunidade.<\/p>\n<p>Durante o encontro, o prefeito agradeceu aos gestores da educa\u00e7\u00e3o pelo apoio e fez um apelo para que eles conversassem e esclarecessem aos professores e demais servidores em greve a situa\u00e7\u00e3o do munic\u00edpio. \u201cO momento \u00e9 de somarmos os esfor\u00e7os para podermos avan\u00e7ar n\u00e3o apenas em negocia\u00e7\u00f5es e atualiza\u00e7\u00f5es salariais, mas tamb\u00e9m na melhoria da qualidade dos servi\u00e7os prestados aos ilheenses\u201d, frisou Jabes Ribeiro. <\/p>\n<p>&#8212;<br \/>\nai\/pmi <\/p>\n","protected":false},"excerpt":{"rendered":"<p>Jabes Ribeiro esclareceu a situa\u00e7\u00e3o financeira do munic\u00edpio e a impossibilidade de reajustes salariais, neste ano, e pediu aos gestores para passar as informa\u00e7\u00f5es aos professores em greve. O prefeito de Ilh\u00e9us, Jabes Ribeiro, acompanhado do vice e secret\u00e1rio de Ind\u00fastria e Com\u00e9rcio (Sedic), Carlos Machado (Cac\u00e1), e da secret\u00e1ria de Educa\u00e7\u00e3o, Marl\u00facia Rocha, esclareceu [&hellip;]<\/p>\n","protected":false},"author":2,"featured_media":0,"comment_status":"open","ping_status":"open","sticky":false,"template":"","format":"standard","meta":{"_links_to":"","_links_to_target":""},"categories":[23],"tags":[],"_links":{"self":[{"href":"https:\/\/www.r2cpress.com.br\/v1\/wp-json\/wp\/v2\/posts\/69967"}],"collection":[{"href":"https:\/\/www.r2cpress.com.br\/v1\/wp-json\/wp\/v2\/posts"}],"about":[{"href":"https:\/\/www.r2cpress.com.br\/v1\/wp-json\/wp\/v2\/types\/post"}],"author":[{"embeddable":true,"href":"https:\/\/www.r2cpress.com.br\/v1\/wp-json\/wp\/v2\/users\/2"}],"replies":[{"embeddable":true,"href":"https:\/\/www.r2cpress.com.br\/v1\/wp-json\/wp\/v2\/comments?post=69967"}],"version-history":[{"count":2,"href":"https:\/\/www.r2cpress.com.br\/v1\/wp-json\/wp\/v2\/posts\/69967\/revisions"}],"predecessor-version":[{"id":69969,"href":"https:\/\/www.r2cpress.com.br\/v1\/wp-json\/wp\/v2\/posts\/69967\/revisions\/69969"}],"wp:attachment":[{"href":"https:\/\/www.r2cpress.com.br\/v1\/wp-json\/wp\/v2\/media?parent=69967"}],"wp:term":[{"taxonomy":"category","embeddable":true,"href":"https:\/\/www.r2cpress.com.br\/v1\/wp-json\/wp\/v2\/categories?post=69967"},{"taxonomy":"post_tag","embeddable":true,"href":"https:\/\/www.r2cpress.com.br\/v1\/wp-json\/wp\/v2\/tags?post=69967"}],"curies":[{"name":"wp","href":"https:\/\/api.w.org\/{rel}","templated":true}]}}