{"id":7,"date":"2010-10-16T19:56:06","date_gmt":"2010-10-16T22:56:06","guid":{"rendered":"http:\/\/www.r2cpress.com.br\/v1\/?p=7"},"modified":"2010-10-16T19:56:06","modified_gmt":"2010-10-16T22:56:06","slug":"em-busca-do-apoio-do-pv-candidatos-assumem-compromissos-ambientais","status":"publish","type":"post","link":"https:\/\/www.r2cpress.com.br\/v1\/2010\/10\/16\/em-busca-do-apoio-do-pv-candidatos-assumem-compromissos-ambientais\/","title":{"rendered":"Em busca do apoio do PV, candidatos assumem compromissos ambientais"},"content":{"rendered":"<p><strong>Estad\u00e3o<\/strong><\/p>\n<p><strong>A pedido do \u2018Estado\u2019, Dilma e Serra respondem a quest\u00f5es sobre desmatamento, C\u00f3digo Florestal e mudan\u00e7as clim\u00e1ticas, consideradas priorit\u00e1rias pelo eleitorado de Marina Silva; Partido Verde decide hoje apoio no segundo turno<\/strong><\/p>\n<p><a href=\"http:\/\/i1.r7.com\/data\/files\/2C92\/94A4\/28CC\/523A\/0128\/CC74\/CDB3\/4A1A\/dilma_serra_marina_agenciabrasil_g.jpg\"><img loading=\"lazy\" class=\"alignright\" src=\"http:\/\/i1.r7.com\/data\/files\/2C92\/94A4\/28CC\/523A\/0128\/CC74\/CDB3\/4A1A\/dilma_serra_marina_agenciabrasil_g.jpg\" alt=\"\" width=\"270\" height=\"203\" \/><\/a>Marina Silva n\u00e3o passou para o segundo turno das elei\u00e7\u00f5es presidenciais, mas conseguiu fazer aquilo que muitos esperavam de sua candidatura: inscrever a sustentabilidade na agenda pol\u00edtica nacional.<\/p>\n<p>Pressionados pelos 20 milh\u00f5es de votos obtidos pela candidata do Partido Verde (PV) no primeiro turno, Dilma Rousseff (PT) e Jos\u00e9 Serra (PSDB) n\u00e3o podem mais se dar ao luxo de ignorar quest\u00f5es ambientais consideradas priorit\u00e1rias pelo eleitorado &#8220;marineiro&#8221;, como o combate ao desmatamento e a prote\u00e7\u00e3o ao C\u00f3digo Florestal.<\/p>\n<p>O\u00a0<strong>Estado<\/strong> enviou aos dois candidatos uma s\u00e9rie de perguntas relacionadas a alguns do principais debates ambientais do Brasil. Todas elas, tamb\u00e9m, abordadas na lista de 42 compromissos essenciais apresentada pelo PV como base para defini\u00e7\u00e3o de um eventual apoio do partido a uma &#8211; ou nenhuma &#8211; das candidaturas. A decis\u00e3o ser\u00e1 votada hoje em assembleia do partido.<\/p>\n<p><!--more-->Um dos temas considerados mais cr\u00edticos \u00e9 a reforma do C\u00f3digo Florestal, que estipula regras e limites para a ocupa\u00e7\u00e3o de \u00e1reas de vegeta\u00e7\u00e3o nativa. Em resposta ao Estado, ambos se disseram contr\u00e1rios \u00e0 anistia a desmatadores, prevista no relat\u00f3rio de Aldo Rebelo (PC do B), aprovado por uma Comiss\u00e3o Especial da C\u00e2mara em julho.<\/p>\n<p>A assessoria da campanha tucana afirmou que Serra considera a anistia &#8220;inaceit\u00e1vel&#8221;. &#8220;Mas tamb\u00e9m n\u00e3o se pode imaginar que \u00e1reas de agricultura consolidadas h\u00e1 d\u00e9cadas tenham que ser abandonadas, pois isso vai afetar a produ\u00e7\u00e3o e o emprego rural&#8221;, completou. Serra se coloca contra a redu\u00e7\u00e3o das \u00e1reas de preserva\u00e7\u00e3o obrigat\u00f3ria previstas no c\u00f3digo. Prop\u00f5e o pagamento por servi\u00e7os ambientais.<\/p>\n<p>O candidato se compromete a resolver o impasse no primeiro semestre de seu governo. &#8220;Ambos os lados, ambientalistas e ruralistas, precisam compor uma posi\u00e7\u00e3o de consenso que equacione os principais problemas dessa agenda no campo&#8221;, disse.<\/p>\n<p>&#8220;Sou a favor do veto a propostas que reduzam \u00e1reas de reserva legal e preserva\u00e7\u00e3o permanente, embora seja necess\u00e1rio inovar em rela\u00e7\u00e3o \u00e0 legisla\u00e7\u00e3o. Sou favor\u00e1vel ao veto \u00e0 anistia para desmatadores&#8221;, afirmou Dilma.<\/p>\n<p>Posi\u00e7\u00f5es assumidas pelos candidatos:<\/p>\n<p><strong> <\/strong><\/p>\n<p><strong> <\/strong><\/p>\n<p><strong>Desmatamento<\/strong><\/p>\n<p>Os candidatos expuseram suas estrat\u00e9gias para reduzir o desmatamento, n\u00e3o apenas na Amaz\u00f4nia, mas em todos os biomas &#8211; incluindo o Cerrado, principal \u00e1rea de expans\u00e3o agr\u00edcola do Pa\u00eds.<\/p>\n<p>Serra defende uma morat\u00f3ria de cinco anos sobre o desmatamento de todos os biomas &#8211; tempo que considera &#8220;suficiente para tra\u00e7ar as novas bases que dever\u00e3o reger o desenvolvimento da agricultura sustent\u00e1vel para o futuro&#8221;. &#8220;O setor produtivo aceita essa pausa, necess\u00e1ria para redefinir os marcos legais da rela\u00e7\u00e3o entre a biodiversidade e o progresso no campo&#8221;, diz sua assessoria.<\/p>\n<p>Dilma disse que pretende &#8220;continuar e avan\u00e7ar nos programas em curso&#8221;, como as Opera\u00e7\u00f5es Arco de Fogo e Arco Verde, voltadas para o combate ao desmatamento e a cria\u00e7\u00e3o de alternativas econ\u00f4micas sustent\u00e1veis na Amaz\u00f4nia. &#8220;No Cerrado a situa\u00e7\u00e3o \u00e9 mais complexa&#8221;, diz a candidata do PT, lembrando que \u00e1rea de reserva legal, que precisa ser obrigatoriamente preservada com vegeta\u00e7\u00e3o nativa, no bioma \u00e9 bem menor do que na Amaz\u00f4nia (20%, comparado a 80%). &#8220;Aqui vale mais atuar na moderniza\u00e7\u00e3o e no uso sustent\u00e1vel do solo e adotar pol\u00edticas para fazer uso de \u00e1reas degradadas para a expans\u00e3o da agropecu\u00e1ria.&#8221;<\/p>\n<p>Ela n\u00e3o faz men\u00e7\u00e3o \u00e0 meta de desmatamento zero para todos os biomas, que \u00e9 um dos compromissos essenciais listados pelo PV na Agenda por um Brasil Justo e Sustent\u00e1vel.<\/p>\n<p><strong>Energia<\/strong><\/p>\n<p>Os candidatos opinaram se concordam com o projeto aprovado para a constru\u00e7\u00e3o da hidrel\u00e9trica de Belo Monte, no Rio Xingu, e se acham que h\u00e1 espa\u00e7o para outras grandes hidrel\u00e9tricas na Amaz\u00f4nia.<\/p>\n<p>&#8220;Existem boas possibilidades de aproveitamento do potencial energ\u00e9tico da Amaz\u00f4nia, mas ser\u00e1 preciso realizar uma avalia\u00e7\u00e3o ambiental estrat\u00e9gica da regi\u00e3o, para n\u00e3o se ficar apenas na discuss\u00e3o dos licenciamentos isolados de cada hidrel\u00e9trica&#8221;, diz a campanha de Serra. &#8220;Energia renov\u00e1vel \u00e9 bem melhor do que termoel\u00e9tricas com fontes f\u00f3sseis, mas n\u00e3o d\u00e1 para enfiar goela abaixo das popula\u00e7\u00f5es locais os efeitos danosos das obras.&#8221;<\/p>\n<p>Sobre o licenciamento ambiental de Belo Monte, a campanha afirma que &#8220;num governo Serra o processo teria sido bem mais transparente e participativo&#8221;, e agora s\u00f3 resta &#8220;exigir o cumprimento das exig\u00eancias socioambientais do licenciamento do Ibama&#8221;.<\/p>\n<p>&#8220;Para manter nossa matriz energ\u00e9tica como uma das mais limpas do planeta n\u00e3o podemos abrir m\u00e3o de hidrel\u00e9tricas&#8221;, afirma Dilma. Segundo ela, o projeto de Belo Monte &#8211; que \u00e9 uma das pe\u00e7as principais do Plano de Acelera\u00e7\u00e3o do Crescimento (PAC) &#8211; inclui 40 condicionantes ambientais, que custar\u00e3o aos investidores R$ 3 bilh\u00f5es para atend\u00ea-las. &#8220;Queremos energia hidrel\u00e9trica, mas tamb\u00e9m preservar nosso patrim\u00f4nio natural.&#8221;<\/p>\n<p><strong>Clima<\/strong><\/p>\n<p>No combate \u00e0s mudan\u00e7as clim\u00e1ticas, os dois candidatos admitem o princ\u00edpio de reduzir as emiss\u00f5es de gases-estufa, mas demonstram n\u00e3o ter um plano detalhado para colocar em pr\u00e1tica.<\/p>\n<p>Dilma considera adequada a meta volunt\u00e1ria estabelecida pelo governo atual \u2013 e inclu\u00edda na Lei 12.187 de 2009, que instituiu a Pol\u00edtica Nacional sobre Mudan\u00e7a do Clima \u2013 de reduzir entre 36% e 39% o crescimento projetado das emiss\u00f5es brasileiras de gases do efeito estufa at\u00e9 2020. &#8220;Trata-se de um compromisso nacional&#8221;, diz a candidata. &#8220;Para efetivar essas metas est\u00e3o em elabora\u00e7\u00e3o v\u00e1rios planos setoriais.&#8221;<\/p>\n<p>&#8220;Tenho convic\u00e7\u00e3o de que temos um conjunto de propostas que nos permitir\u00e3o alcan\u00e7ar bons resultados e manter o protagonismo brasileiro nesta \u00e1rea&#8221;, completa Dilma.<\/p>\n<p>J\u00e1 Serra, quando governador de S\u00e3o Paulo, aprovou a Lei Paulista de Mudan\u00e7as Clim\u00e1ticas, estabelecendo uma meta compuls\u00f3ria de redu\u00e7\u00e3o de 20% das emiss\u00f5es de gases do efeito estufa no Estado at\u00e9 2020, tomando como base as emiss\u00f5es de 2005. &#8220;Serra sempre trabalhou com a ideia de que n\u00e3o se deve temer a agenda ambiental, mas sim fazer dela uma oportunidade de transformar a economia, do atual car\u00e1ter predat\u00f3rio, para uma economia verde, tra\u00e7ando nova rela\u00e7\u00e3o da sociedade com a natureza. Avan\u00e7ando, o Brasil pode se tornar uma pot\u00eancia ambiental&#8221;, diz sua campanha.<\/p>\n","protected":false},"excerpt":{"rendered":"<p>Estad\u00e3o A pedido do \u2018Estado\u2019, Dilma e Serra respondem a quest\u00f5es sobre desmatamento, C\u00f3digo Florestal e mudan\u00e7as clim\u00e1ticas, consideradas priorit\u00e1rias pelo eleitorado de Marina Silva; Partido Verde decide hoje apoio no segundo turno Marina Silva n\u00e3o passou para o segundo turno das elei\u00e7\u00f5es presidenciais, mas conseguiu fazer aquilo que muitos esperavam de sua candidatura: inscrever [&hellip;]<\/p>\n","protected":false},"author":1,"featured_media":0,"comment_status":"open","ping_status":"open","sticky":false,"template":"","format":"standard","meta":{"_links_to":"","_links_to_target":""},"categories":[1],"tags":[],"_links":{"self":[{"href":"https:\/\/www.r2cpress.com.br\/v1\/wp-json\/wp\/v2\/posts\/7"}],"collection":[{"href":"https:\/\/www.r2cpress.com.br\/v1\/wp-json\/wp\/v2\/posts"}],"about":[{"href":"https:\/\/www.r2cpress.com.br\/v1\/wp-json\/wp\/v2\/types\/post"}],"author":[{"embeddable":true,"href":"https:\/\/www.r2cpress.com.br\/v1\/wp-json\/wp\/v2\/users\/1"}],"replies":[{"embeddable":true,"href":"https:\/\/www.r2cpress.com.br\/v1\/wp-json\/wp\/v2\/comments?post=7"}],"version-history":[{"count":1,"href":"https:\/\/www.r2cpress.com.br\/v1\/wp-json\/wp\/v2\/posts\/7\/revisions"}],"predecessor-version":[{"id":8,"href":"https:\/\/www.r2cpress.com.br\/v1\/wp-json\/wp\/v2\/posts\/7\/revisions\/8"}],"wp:attachment":[{"href":"https:\/\/www.r2cpress.com.br\/v1\/wp-json\/wp\/v2\/media?parent=7"}],"wp:term":[{"taxonomy":"category","embeddable":true,"href":"https:\/\/www.r2cpress.com.br\/v1\/wp-json\/wp\/v2\/categories?post=7"},{"taxonomy":"post_tag","embeddable":true,"href":"https:\/\/www.r2cpress.com.br\/v1\/wp-json\/wp\/v2\/tags?post=7"}],"curies":[{"name":"wp","href":"https:\/\/api.w.org\/{rel}","templated":true}]}}