{"id":70041,"date":"2013-08-09T10:43:15","date_gmt":"2013-08-09T13:43:15","guid":{"rendered":"http:\/\/www.r2cpress.com.br\/v1\/?p=70041"},"modified":"2013-08-09T10:43:15","modified_gmt":"2013-08-09T13:43:15","slug":"marighella","status":"publish","type":"post","link":"https:\/\/www.r2cpress.com.br\/v1\/2013\/08\/09\/marighella\/","title":{"rendered":"Marighella"},"content":{"rendered":"<h4><em>Na pr\u00f3xima ter\u00e7a-feira, dia 13\/08, \u00e0s 19h na livraria Saraiva do Shoping Salvador participarei de uma palestra que ser\u00e1 proferida por M\u00e1rio Magalh\u00e3es, autor da obra biogr\u00e1fica Marighella \u2013 O guerrilheiro que incendiou o mundo, co-adjuvado por Carlinhos Marighella Filho, com a media\u00e7\u00e3o de Cynara Menezes.<\/em><\/h4>\n<h4><em>Na oportunidade quero cumprimentar\u00a0 os familiares daquele her\u00f3ico brasileiro, o filho Carlinhos\u00a0 e a valorosa companheira de Marighella d. Clara Charff, mulher altiva e valente que acompanhou o revolucion\u00e1rio por toda uma vida. Tive a oportunidade de acompanhar essas duas personagens quando exerci o mandato de vereador ilheense (1993 a 1996), presidente da Comiss\u00e3o de Direitos Humanos e indicado pela mesa da casa para \u00a0acompanhar os trabalhos do grupo nacional \u201cTortura Nunca Mais\u201d, na \u00e9poca liderado pela ga\u00facha Suzana Lisboa, vi\u00fava de um desaparecido\u00a0 preso pol\u00edtico. Eu representava os interesses do Sr. Rosalvo Cipriano Sousa, pai do meu colega fazend\u00e1rio Z\u00e9 Ant\u00f4nio e cuja fam\u00edlia tinha perdido o filho Rosalino, combatente morto e desaparecido na guerrilha do Araguaia.<\/em><\/h4>\n<h4><em>Foram v\u00e1rias peregrina\u00e7\u00f5es a gabinetes de ministros da justi\u00e7a, audi\u00eancia com o Presidente da Rep\u00fablica Itamar Franco, com a participa\u00e7\u00e3o de v\u00e1rias lideran\u00e7as pol\u00edticas e parlamentares, a exemplo de Fernando Gabeira, senadora Marina Silva, deputado Haroldo Lima, deputado Jabes Ribeiro. O que se pretendia era o envio pela presid\u00eancia da Rep\u00fablica de um anteprojeto de lei cujo texto reconhecesse a participa\u00e7\u00e3o do Estado Brasileiro na morte de tantos brasileiros, homens e mulheres, que tinham lutado contra a ditadura militar (a presidenta Dilma Roussef foi uma dessas lutadoras, felizmente sem perder a vida, mas com um longo tempo de cadeia ). Finalmente, j\u00e1 no governo do presidente Fernando Henrique Cardoso o projeto foi aprovado no Congresso Nacional e sancionado por FHC reconhecendo a participa\u00e7\u00e3o do Estado e estabelecendo indeniza\u00e7\u00e3o pecuni\u00e1ria \u00e0s fam\u00edlias dos mortos e desaparecidos e estabelecendo comiss\u00e3o para localiza\u00e7\u00e3o das ossadas dos guerrilheiros do Araguaia no Bico do Papagaio, estado do Par\u00e1.<\/em><\/h4>\n<h4><em>Em todo esse processo que acompanhei por um bom tempo me impressionou uma passagem, no gabinete do ministro da Justi\u00e7a, o Dr. Nelson Jobim, ministro de FHC, quando ele inadvertidamente colocou para os familiares dos mortos e desaparecidos pol\u00edticos\u00a0 dizendo: \u201cJ\u00e1 est\u00e1 tudo resolvido o projeto vai ser enviado ao Congresso e logo, logo as fam\u00edlias v\u00e3o ter o direito a receber o dinheiro das indeniza\u00e7\u00f5es\u201d exclamou ele.\u00a0 D. Clara Charff, a vi\u00fava de Marighella, levantou-se altiva e disparou: o que menos nos trouxe aqui Ministro Jobim foi esse dinheiro que o Sr. mencionou. N\u00f3s estamos aqui para ser revista a hist\u00f3ria do Brasil, o estado brasileiro matou seus her\u00f3is assim como assassinou Marighella, nem nas guerras mais cruentas no mundo o advers\u00e1rio \u00e9 morto covardemente, desarmado e sem esbo\u00e7ar resist\u00eancia. As for\u00e7as do estado passaram por cima de todos os tratados internacionais de guerra .<\/em><\/h4>\n<h4><em>Senti Jobim se encolher na poltrona e as suas orelhas ficarem vermelhas, ele n\u00e3o esperava aquele pito.<\/em><\/h4>\n<p>&#8212;<\/p>\n<h4>\u00a0Jos\u00e9 Henrique Abobreira<\/h4>\n","protected":false},"excerpt":{"rendered":"<p>Na pr\u00f3xima ter\u00e7a-feira, dia 13\/08, \u00e0s 19h na livraria Saraiva do Shoping Salvador participarei de uma palestra que ser\u00e1 proferida por M\u00e1rio Magalh\u00e3es, autor da obra biogr\u00e1fica Marighella \u2013 O guerrilheiro que incendiou o mundo, co-adjuvado por Carlinhos Marighella Filho, com a media\u00e7\u00e3o de Cynara Menezes. Na oportunidade quero cumprimentar\u00a0 os familiares daquele her\u00f3ico brasileiro, [&hellip;]<\/p>\n","protected":false},"author":2,"featured_media":0,"comment_status":"open","ping_status":"open","sticky":false,"template":"","format":"standard","meta":{"_links_to":"","_links_to_target":""},"categories":[10],"tags":[],"_links":{"self":[{"href":"https:\/\/www.r2cpress.com.br\/v1\/wp-json\/wp\/v2\/posts\/70041"}],"collection":[{"href":"https:\/\/www.r2cpress.com.br\/v1\/wp-json\/wp\/v2\/posts"}],"about":[{"href":"https:\/\/www.r2cpress.com.br\/v1\/wp-json\/wp\/v2\/types\/post"}],"author":[{"embeddable":true,"href":"https:\/\/www.r2cpress.com.br\/v1\/wp-json\/wp\/v2\/users\/2"}],"replies":[{"embeddable":true,"href":"https:\/\/www.r2cpress.com.br\/v1\/wp-json\/wp\/v2\/comments?post=70041"}],"version-history":[{"count":5,"href":"https:\/\/www.r2cpress.com.br\/v1\/wp-json\/wp\/v2\/posts\/70041\/revisions"}],"predecessor-version":[{"id":70046,"href":"https:\/\/www.r2cpress.com.br\/v1\/wp-json\/wp\/v2\/posts\/70041\/revisions\/70046"}],"wp:attachment":[{"href":"https:\/\/www.r2cpress.com.br\/v1\/wp-json\/wp\/v2\/media?parent=70041"}],"wp:term":[{"taxonomy":"category","embeddable":true,"href":"https:\/\/www.r2cpress.com.br\/v1\/wp-json\/wp\/v2\/categories?post=70041"},{"taxonomy":"post_tag","embeddable":true,"href":"https:\/\/www.r2cpress.com.br\/v1\/wp-json\/wp\/v2\/tags?post=70041"}],"curies":[{"name":"wp","href":"https:\/\/api.w.org\/{rel}","templated":true}]}}