{"id":70048,"date":"2013-08-09T11:00:23","date_gmt":"2013-08-09T14:00:23","guid":{"rendered":"http:\/\/www.r2cpress.com.br\/v1\/?p=70048"},"modified":"2013-08-09T11:00:23","modified_gmt":"2013-08-09T14:00:23","slug":"sete-meses-depois-de-ser-atacada-a-tiros-estatua-de-jorge-amado-%c2%b4mofa-em-deposito-da-ficc","status":"publish","type":"post","link":"https:\/\/www.r2cpress.com.br\/v1\/2013\/08\/09\/sete-meses-depois-de-ser-atacada-a-tiros-estatua-de-jorge-amado-%c2%b4mofa-em-deposito-da-ficc\/","title":{"rendered":"Sete meses depois de ser atacada a tiros, est\u00e1tua de Jorge Amado \u00b4mofa` em dep\u00f3sito da FICC"},"content":{"rendered":"<h2 style=\"text-align: left;\"><a title=\"Permanent Link to Sete meses depois de ser atacada a tiros, est\u00e1tua de Jorge Amado \u00b4mofa` em dep\u00f3sito da FICC\" href=\"http:\/\/www.blogdothame.blog.br\/v1\/2013\/08\/09\/sete-meses-depois-de-ser-atacada-a-tiros-estatua-de-jorge-amado-%c2%b4mofa-em-sala-da-ficc\/\" rel=\"bookmark\"> Blog do Thame<\/a><\/h2>\n<div style=\"text-align: left;\"><\/div>\n<p><a href=\"http:\/\/www.blogdothame.blog.br\/v1\/wp-content\/uploads\/2013\/08\/estatua-jorge-amado-6.jpg\" rel=\"lightbox[22835]\"><img loading=\"lazy\" title=\"estatua jorge amado 6\" alt=\"\" src=\"http:\/\/www.blogdothame.blog.br\/v1\/wp-content\/uploads\/2013\/08\/estatua-jorge-amado-6-225x300.jpg\" width=\"225\" height=\"300\" \/><\/a><\/p>\n<p>Est\u00e1tua de Jorge Amado: tiros, pedradas e vandalismo<\/p>\n<p style=\"text-align: left;\">Sete meses depois de ter sido atingida a tiros e pedradas na entrada do bairro de Ferradas, em Itabuna,\u00a0 e retirada pela <a id=\"_GPLITA_0\" title=\"Click to Continue &gt; by Text-Enhance\" href=\"http:\/\/www.blogdothame.blog.br\/v1\/2013\/08\/09\/sete-meses-depois-de-ser-atacada-a-tiros-estatua-de-jorge-amado-%c2%b4mofa-em-sala-da-ficc\/#\">Funda\u00e7\u00e3o<\/a> Itabunense de Cultura e Cidadania (FICC) para a realiza\u00e7\u00e3o dos reparos, a\u00a0 est\u00e1tua do escritor Jorge Amado, feita com resina,\u00a0 \u00b4mofa\u00b4 numa sala da institui\u00e7\u00e3o.<\/p>\n<p><a href=\"http:\/\/www.blogdothame.blog.br\/v1\/wp-content\/uploads\/2013\/08\/estatua-remo%C3%A7%C3%A3o.jpg\" rel=\"lightbox[22835]\"><img loading=\"lazy\" title=\"estatua remo\u00e7\u00e3o\" alt=\"\" src=\"http:\/\/www.blogdothame.blog.br\/v1\/wp-content\/uploads\/2013\/08\/estatua-remo%C3%A7%C3%A3o-150x150.jpg\" width=\"150\" height=\"150\" \/><\/a><\/p>\n<p>A est\u00e1tua, removida para ser recuperada\u2026<\/p>\n<p style=\"text-align: left;\">As v\u00e9speras dos 101 anos do escritor, nascido em Itabuna em 10 de agosto de 1912, \u00a0e criado em Ilh\u00e9us, a est\u00e1tua abandonada acabou se transformando num monumento ao desrespeito \u00e0 mem\u00f3ria de Jorge Amado, celebrado pelos ilheenses e desprezado pelos itabunenses.<\/p>\n<p style=\"text-align: left;\">O escultor da est\u00e1tua, Lavrud Durval, afirma que ap\u00f3s o vandalismo, a FICC chegou a entrar em contato com ele, para a realiza\u00e7\u00e3o dos reparos. O valor do trabalho, 5 mil reais, foi questionado pela FICC e dede ent\u00e3o ningu\u00e9m da funda\u00e7\u00e3o entrou em contato com ele.<\/p>\n<p style=\"text-align: left;\">\u201c\u00c9 um desrespeito com Jorge Amado, com a cultura de Itabuna e com os artistas da cidade\u201d, lamenta Lavrud Durval.<\/p>\n<p><a href=\"http:\/\/www.blogdothame.blog.br\/v1\/wp-content\/uploads\/2013\/08\/ficc.jpg\" rel=\"lightbox[22835]\"><img loading=\"lazy\" class=\"aligncenter\" title=\"ficc\" alt=\"\" src=\"http:\/\/www.blogdothame.blog.br\/v1\/wp-content\/uploads\/2013\/08\/ficc-300x226.jpg\" width=\"300\" height=\"226\" \/><\/a><\/p>\n","protected":false},"excerpt":{"rendered":"<p>Blog do Thame Est\u00e1tua de Jorge Amado: tiros, pedradas e vandalismo Sete meses depois de ter sido atingida a tiros e pedradas na entrada do bairro de Ferradas, em Itabuna,\u00a0 e retirada pela Funda\u00e7\u00e3o Itabunense de Cultura e Cidadania (FICC) para a realiza\u00e7\u00e3o dos reparos, a\u00a0 est\u00e1tua do escritor Jorge Amado, feita com resina,\u00a0 \u00b4mofa\u00b4 [&hellip;]<\/p>\n","protected":false},"author":2,"featured_media":0,"comment_status":"open","ping_status":"open","sticky":false,"template":"","format":"standard","meta":{"_links_to":"","_links_to_target":""},"categories":[13],"tags":[],"_links":{"self":[{"href":"https:\/\/www.r2cpress.com.br\/v1\/wp-json\/wp\/v2\/posts\/70048"}],"collection":[{"href":"https:\/\/www.r2cpress.com.br\/v1\/wp-json\/wp\/v2\/posts"}],"about":[{"href":"https:\/\/www.r2cpress.com.br\/v1\/wp-json\/wp\/v2\/types\/post"}],"author":[{"embeddable":true,"href":"https:\/\/www.r2cpress.com.br\/v1\/wp-json\/wp\/v2\/users\/2"}],"replies":[{"embeddable":true,"href":"https:\/\/www.r2cpress.com.br\/v1\/wp-json\/wp\/v2\/comments?post=70048"}],"version-history":[{"count":5,"href":"https:\/\/www.r2cpress.com.br\/v1\/wp-json\/wp\/v2\/posts\/70048\/revisions"}],"predecessor-version":[{"id":70053,"href":"https:\/\/www.r2cpress.com.br\/v1\/wp-json\/wp\/v2\/posts\/70048\/revisions\/70053"}],"wp:attachment":[{"href":"https:\/\/www.r2cpress.com.br\/v1\/wp-json\/wp\/v2\/media?parent=70048"}],"wp:term":[{"taxonomy":"category","embeddable":true,"href":"https:\/\/www.r2cpress.com.br\/v1\/wp-json\/wp\/v2\/categories?post=70048"},{"taxonomy":"post_tag","embeddable":true,"href":"https:\/\/www.r2cpress.com.br\/v1\/wp-json\/wp\/v2\/tags?post=70048"}],"curies":[{"name":"wp","href":"https:\/\/api.w.org\/{rel}","templated":true}]}}