{"id":70058,"date":"2013-08-09T12:23:36","date_gmt":"2013-08-09T15:23:36","guid":{"rendered":"http:\/\/www.r2cpress.com.br\/v1\/?p=70058"},"modified":"2013-08-09T12:23:36","modified_gmt":"2013-08-09T15:23:36","slug":"ilheus-hospital-regional-2","status":"publish","type":"post","link":"https:\/\/www.r2cpress.com.br\/v1\/2013\/08\/09\/ilheus-hospital-regional-2\/","title":{"rendered":"ILH\u00c9US \/ Hospital Regional"},"content":{"rendered":"<p>A Dire\u00e7\u00e3o do HGLVF registra a vinda da equipe da SESAB\/SUPERH\/CGPP composta pelas funcion\u00e1rias Iaponira Quadros Silva, Juc\u00e9lia Fernandes dos Santos e K\u00e1thia Maria Silva Bastos (Tec.Administrativa), pela 2\u00aa vez, fato esse ocorrido no per\u00edodo de 06 a 09\/08\/13 inclusive, com o objetivo de desenvolver a instru\u00e7\u00e3o dos processos de aposentadoria, esclarecendo os servidores de nossa unidade os procedimentos usuais e normais para possibilitar uma maior celeridade .<\/p>\n<p><div id=\"attachment_70060\" style=\"width: 610px\" class=\"wp-caption aligncenter\"><a href=\"http:\/\/www.r2cpress.com.br\/v1\/wp-content\/uploads\/REGIONAL-JULIO-01.jpg\"><img aria-describedby=\"caption-attachment-70060\" loading=\"lazy\" src=\"http:\/\/www.r2cpress.com.br\/v1\/wp-content\/uploads\/REGIONAL-JULIO-01.jpg\" alt=\"REGIONAL 01 \" width=\"600\" height=\"450\" class=\"size-full wp-image-70060\" srcset=\"https:\/\/www.r2cpress.com.br\/v1\/wp-content\/uploads\/REGIONAL-JULIO-01.jpg 600w, https:\/\/www.r2cpress.com.br\/v1\/wp-content\/uploads\/REGIONAL-JULIO-01-300x225.jpg 300w\" sizes=\"(max-width: 600px) 100vw, 600px\" \/><\/a><p id=\"caption-attachment-70060\" class=\"wp-caption-text\">REGIONAL 01<br \/><\/p><\/div><br \/>\n<a href=\"http:\/\/www.r2cpress.com.br\/v1\/wp-content\/uploads\/REGIONAL-JULIO-02.jpg\"><img loading=\"lazy\" src=\"http:\/\/www.r2cpress.com.br\/v1\/wp-content\/uploads\/REGIONAL-JULIO-02.jpg\" alt=\"REGIONAL JULIO 02\" width=\"600\" height=\"450\" class=\"alignleft size-full wp-image-70059\" srcset=\"https:\/\/www.r2cpress.com.br\/v1\/wp-content\/uploads\/REGIONAL-JULIO-02.jpg 600w, https:\/\/www.r2cpress.com.br\/v1\/wp-content\/uploads\/REGIONAL-JULIO-02-300x225.jpg 300w\" sizes=\"(max-width: 600px) 100vw, 600px\" \/><\/a><\/p>\n<p>Nossos servidores est\u00e3o bastante agradecidos pelas instru\u00e7\u00f5es transmitidas pelos funcion\u00e1rios oriundos da SESAB e para nossa satisfa\u00e7\u00e3o essas servidoras tamb\u00e9m manifestaram agradecimentos pela acolhida e a felicidade com a experi\u00eancia vivida e mais ainda se colocaram a disposi\u00e7\u00e3o para juntos elas e n\u00f3s com um objetivo \u00fanico e final agilizar para consuma\u00e7\u00e3o das aposentadorias levando a satisfa\u00e7\u00e3o para todos.<\/p>\n","protected":false},"excerpt":{"rendered":"<p>A Dire\u00e7\u00e3o do HGLVF registra a vinda da equipe da SESAB\/SUPERH\/CGPP composta pelas funcion\u00e1rias Iaponira Quadros Silva, Juc\u00e9lia Fernandes dos Santos e K\u00e1thia Maria Silva Bastos (Tec.Administrativa), pela 2\u00aa vez, fato esse ocorrido no per\u00edodo de 06 a 09\/08\/13 inclusive, com o objetivo de desenvolver a instru\u00e7\u00e3o dos processos de aposentadoria, esclarecendo os servidores de [&hellip;]<\/p>\n","protected":false},"author":2,"featured_media":0,"comment_status":"open","ping_status":"open","sticky":false,"template":"","format":"standard","meta":{"_links_to":"","_links_to_target":""},"categories":[24],"tags":[],"_links":{"self":[{"href":"https:\/\/www.r2cpress.com.br\/v1\/wp-json\/wp\/v2\/posts\/70058"}],"collection":[{"href":"https:\/\/www.r2cpress.com.br\/v1\/wp-json\/wp\/v2\/posts"}],"about":[{"href":"https:\/\/www.r2cpress.com.br\/v1\/wp-json\/wp\/v2\/types\/post"}],"author":[{"embeddable":true,"href":"https:\/\/www.r2cpress.com.br\/v1\/wp-json\/wp\/v2\/users\/2"}],"replies":[{"embeddable":true,"href":"https:\/\/www.r2cpress.com.br\/v1\/wp-json\/wp\/v2\/comments?post=70058"}],"version-history":[{"count":5,"href":"https:\/\/www.r2cpress.com.br\/v1\/wp-json\/wp\/v2\/posts\/70058\/revisions"}],"predecessor-version":[{"id":70065,"href":"https:\/\/www.r2cpress.com.br\/v1\/wp-json\/wp\/v2\/posts\/70058\/revisions\/70065"}],"wp:attachment":[{"href":"https:\/\/www.r2cpress.com.br\/v1\/wp-json\/wp\/v2\/media?parent=70058"}],"wp:term":[{"taxonomy":"category","embeddable":true,"href":"https:\/\/www.r2cpress.com.br\/v1\/wp-json\/wp\/v2\/categories?post=70058"},{"taxonomy":"post_tag","embeddable":true,"href":"https:\/\/www.r2cpress.com.br\/v1\/wp-json\/wp\/v2\/tags?post=70058"}],"curies":[{"name":"wp","href":"https:\/\/api.w.org\/{rel}","templated":true}]}}