{"id":70066,"date":"2013-08-09T20:00:51","date_gmt":"2013-08-09T23:00:51","guid":{"rendered":"http:\/\/www.r2cpress.com.br\/v1\/?p=70066"},"modified":"2013-08-09T13:35:26","modified_gmt":"2013-08-09T16:35:26","slug":"do-fundo-do-bau-de-jose-leite-123","status":"publish","type":"post","link":"https:\/\/www.r2cpress.com.br\/v1\/2013\/08\/09\/do-fundo-do-bau-de-jose-leite-123\/","title":{"rendered":"DO FUNDO DO BA\u00da DE JOS\u00c9 LEITE."},"content":{"rendered":"<p><center><img src = \"http:\/\/www.r2cpress.com.br\/v1\/wp-content\/uploads\/Novo-visual-do-Bau_400L.jpg\"\/><br \/>\n<strong>1)\tNOSSA HOMENAGEM AOS 101 ANOS DE JORGE AMADO.<br \/>\n2)\tNOS MIST\u00c9RIOS DA MA\u00c7ONARIA (11).<br \/>\n3)\tH\u00c1 21 ANOS ATR\u00c1S OS ABRA\u00c7OS DOS AMIGOS QUE J\u00c1 EST\u00c3O NO ORIENTE ETERNO E PARTICIPARAM DA FESTA DE ENTREGA DO T\u00cdTULO DE CIDAD\u00c3O ILHEENSE A JOS\u00c9 LEITE DE SOUZA NO CLUBE SOCIAL DE ILHEUS (9).<br \/>\n4)\tAS FOTOS DESTAQUES DA SEMANA.<\/strong><\/center><\/p>\n<p><!--more--><\/p>\n<p>***<\/p>\n<p><b><center> 1) NOSSA HOMENAGEM AOS 101 ANOS DE JORGE AMADO.<\/center><\/b><\/p>\n<p>Precisamente, amanh\u00e3, 10 de agosto de 2013, se JORGE AMADO estivesse vivo estaria comemorando 101 anos de idade.<br \/>\nUM DETALHE: Somente ele comemoraria, porque passou o centen\u00e1rio do homem e ningu\u00e9m se lembra de mais nada!<\/p>\n<div id=\"attachment_70067\" style=\"width: 310px\" class=\"wp-caption aligncenter\"><a href=\"http:\/\/www.r2cpress.com.br\/v1\/wp-content\/uploads\/Foto-118.jpg\"><img aria-describedby=\"caption-attachment-70067\" loading=\"lazy\" src=\"http:\/\/www.r2cpress.com.br\/v1\/wp-content\/uploads\/Foto-118-300x202.jpg\" alt=\"Num dia do m\u00eas e ano da d\u00e9cada de 1980, RAIMUNDO PACHECO S\u00c1 BARRETO, convidou alguns amigos de ILH\u00c9US para participarem de um almo\u00e7o na sua resid\u00eancia com a participa\u00e7\u00e3o de dois ilustres amigos convidados: JORGE AMADO E ADONIAS FILHO. Na foto da esquerda para direita: HANS SCHAEPPI, AMILTON IGN\u00c1CIO DE CASTRO, JORGE AMADO, MARIO REIS E CESAR PARAISO. Obs.: Dos cinco, s\u00f3 HANS SCHAEPPI est\u00e1 vivo.\" width=\"300\" height=\"202\" class=\"size-medium wp-image-70067\" srcset=\"https:\/\/www.r2cpress.com.br\/v1\/wp-content\/uploads\/Foto-118-300x202.jpg 300w, https:\/\/www.r2cpress.com.br\/v1\/wp-content\/uploads\/Foto-118.jpg 640w\" sizes=\"(max-width: 300px) 100vw, 300px\" \/><\/a><p id=\"caption-attachment-70067\" class=\"wp-caption-text\">Num dia do m\u00eas e ano da d\u00e9cada de 1980, RAIMUNDO PACHECO S\u00c1 BARRETO, convidou alguns amigos de ILH\u00c9US para participarem de um almo\u00e7o na sua resid\u00eancia com a participa\u00e7\u00e3o de dois ilustres amigos convidados: JORGE AMADO E ADONIAS FILHO. Na foto da esquerda para direita: HANS SCHAEPPI, AMILTON IGN\u00c1CIO DE CASTRO, JORGE AMADO, MARIO REIS E CESAR PARAISO. Obs.: Dos cinco, s\u00f3 HANS SCHAEPPI est\u00e1 vivo.<\/p><\/div>\n<div id=\"attachment_70068\" style=\"width: 310px\" class=\"wp-caption aligncenter\"><a href=\"http:\/\/www.r2cpress.com.br\/v1\/wp-content\/uploads\/Foto-27.jpg\"><img aria-describedby=\"caption-attachment-70068\" loading=\"lazy\" src=\"http:\/\/www.r2cpress.com.br\/v1\/wp-content\/uploads\/Foto-27-300x202.jpg\" alt=\"Na foto acima, da esquerda para direita: (de p\u00e9) HANS SCHAEPPI, e CESAR PARAISO, (sentados) RAIMUNDO S\u00c1 BARRETO, JO\u00c3O JORGE (filho de JORGE AMADO), MARIO REIS, ADONIAS FILHO (escritor), AMILTON IGN\u00c1CIO DE CASTRO e na pontinha da foto aparece uma parte do rosto de DEMOSTINHO.\" width=\"300\" height=\"202\" class=\"size-medium wp-image-70068\" srcset=\"https:\/\/www.r2cpress.com.br\/v1\/wp-content\/uploads\/Foto-27-300x202.jpg 300w, https:\/\/www.r2cpress.com.br\/v1\/wp-content\/uploads\/Foto-27.jpg 640w\" sizes=\"(max-width: 300px) 100vw, 300px\" \/><\/a><p id=\"caption-attachment-70068\" class=\"wp-caption-text\">Na foto acima, da esquerda para direita: (de p\u00e9) HANS SCHAEPPI, e CESAR PARAISO, (sentados) RAIMUNDO S\u00c1 BARRETO, JO\u00c3O JORGE (filho de JORGE AMADO), MARIO REIS, ADONIAS FILHO (escritor), AMILTON IGN\u00c1CIO DE CASTRO e na pontinha da foto aparece uma parte do rosto de DEMOSTINHO.<\/p><\/div>\n<div id=\"attachment_70069\" style=\"width: 200px\" class=\"wp-caption aligncenter\"><a href=\"http:\/\/www.r2cpress.com.br\/v1\/wp-content\/uploads\/Foto-38.jpg\"><img aria-describedby=\"caption-attachment-70069\" loading=\"lazy\" src=\"http:\/\/www.r2cpress.com.br\/v1\/wp-content\/uploads\/Foto-38-190x300.jpg\" alt=\"Na foto acima JORGE AMADO, DR. JOS\u00c9 MOURA COSTA E DR. JURACI AMORIM (homenagem a JORGE AMADO no ano de 1976 em Ilh\u00e9us).\" width=\"190\" height=\"300\" class=\"size-medium wp-image-70069\" srcset=\"https:\/\/www.r2cpress.com.br\/v1\/wp-content\/uploads\/Foto-38-190x300.jpg 190w, https:\/\/www.r2cpress.com.br\/v1\/wp-content\/uploads\/Foto-38.jpg 305w\" sizes=\"(max-width: 190px) 100vw, 190px\" \/><\/a><p id=\"caption-attachment-70069\" class=\"wp-caption-text\">Na foto acima JORGE AMADO, DR. JOS\u00c9 MOURA COSTA E DR. JURACI AMORIM (homenagem a JORGE AMADO no ano de 1976 em Ilh\u00e9us).<\/p><\/div>\n<p><b><center> 2) NOS MIST\u00c9RIOS DA MA\u00c7ONARIA (11).<\/center><\/b><\/p>\n<div id=\"attachment_70070\" style=\"width: 310px\" class=\"wp-caption aligncenter\"><a href=\"http:\/\/www.r2cpress.com.br\/v1\/wp-content\/uploads\/Foto-47.jpg\"><img aria-describedby=\"caption-attachment-70070\" loading=\"lazy\" src=\"http:\/\/www.r2cpress.com.br\/v1\/wp-content\/uploads\/Foto-47-300x200.jpg\" alt=\"Passeando pela Rua Bar\u00e3o de Duprat (Centro de S\u00e3o Paulo), encontramos tr\u00eas amigos e irm\u00e3os Ma\u00e7ons da Cidade de FEIRA DE SANTANA, s\u00e3o eles na foto EDVALDO e JAD (viajantes de \u00d3tica) e no Centro o Paiz\u00e3o MARCOS S\u00c3O PEDRO, Vener\u00e1vel-mestre da loja Ma\u00e7\u00f4nica 16 de Julho de FEIRA DE SANTANA. Foto 26\/04\/2013.\" width=\"300\" height=\"200\" class=\"size-medium wp-image-70070\" srcset=\"https:\/\/www.r2cpress.com.br\/v1\/wp-content\/uploads\/Foto-47-300x200.jpg 300w, https:\/\/www.r2cpress.com.br\/v1\/wp-content\/uploads\/Foto-47.jpg 640w\" sizes=\"(max-width: 300px) 100vw, 300px\" \/><\/a><p id=\"caption-attachment-70070\" class=\"wp-caption-text\">Passeando pela Rua Bar\u00e3o de Duprat (Centro de S\u00e3o Paulo), encontramos tr\u00eas amigos e irm\u00e3os Ma\u00e7ons da Cidade de FEIRA DE SANTANA, s\u00e3o eles na foto EDVALDO e JAD (viajantes de \u00d3tica) e no Centro o Paiz\u00e3o MARCOS S\u00c3O PEDRO, Vener\u00e1vel-mestre da loja Ma\u00e7\u00f4nica 16 de Julho de FEIRA DE SANTANA. Foto 26\/04\/2013.<\/p><\/div>\n<div id=\"attachment_70071\" style=\"width: 310px\" class=\"wp-caption aligncenter\"><a href=\"http:\/\/www.r2cpress.com.br\/v1\/wp-content\/uploads\/Foto-57.jpg\"><img aria-describedby=\"caption-attachment-70071\" loading=\"lazy\" src=\"http:\/\/www.r2cpress.com.br\/v1\/wp-content\/uploads\/Foto-57-300x202.jpg\" alt=\"Na foto acima meu amigo e irm\u00e3o ma\u00e7om RICARDO MAGALH\u00c3ES. Observe no bra\u00e7o do homem a tatuagem com o s\u00edmbolo da Ma\u00e7onaria. Foto: 04\/08\/2013.\" width=\"300\" height=\"202\" class=\"size-medium wp-image-70071\" srcset=\"https:\/\/www.r2cpress.com.br\/v1\/wp-content\/uploads\/Foto-57-300x202.jpg 300w, https:\/\/www.r2cpress.com.br\/v1\/wp-content\/uploads\/Foto-57.jpg 640w\" sizes=\"(max-width: 300px) 100vw, 300px\" \/><\/a><p id=\"caption-attachment-70071\" class=\"wp-caption-text\">Na foto acima meu amigo e irm\u00e3o ma\u00e7om RICARDO MAGALH\u00c3ES. Observe no bra\u00e7o do homem a tatuagem com o s\u00edmbolo da Ma\u00e7onaria. Foto: 04\/08\/2013.<\/p><\/div>\n<div id=\"attachment_70072\" style=\"width: 310px\" class=\"wp-caption aligncenter\"><a href=\"http:\/\/www.r2cpress.com.br\/v1\/wp-content\/uploads\/Foto-66.jpg\"><img aria-describedby=\"caption-attachment-70072\" loading=\"lazy\" src=\"http:\/\/www.r2cpress.com.br\/v1\/wp-content\/uploads\/Foto-66-300x201.jpg\" alt=\"RICARDO a partir de agora ficar\u00e1, por toda sua vida, marcado com o s\u00edmbolo que tamb\u00e9m significa: LIBERDADE, IGUALDADE E FRATERNIDADE. Obs.: O MA\u00c7OM n\u00e3o \u00e9 obrigado a mandar fazer TATUAGENS no seu corpo. Foto: 04\/08\/2013. E falando em tatuagens, estou pensando muito em mandar fazer uma com a imagem do \u201cmeu PADIM\u201d PADRE C\u00cdCERO. \" width=\"300\" height=\"201\" class=\"size-medium wp-image-70072\" srcset=\"https:\/\/www.r2cpress.com.br\/v1\/wp-content\/uploads\/Foto-66-300x201.jpg 300w, https:\/\/www.r2cpress.com.br\/v1\/wp-content\/uploads\/Foto-66.jpg 640w\" sizes=\"(max-width: 300px) 100vw, 300px\" \/><\/a><p id=\"caption-attachment-70072\" class=\"wp-caption-text\">RICARDO a partir de agora ficar\u00e1, por toda sua vida, marcado com o s\u00edmbolo que tamb\u00e9m significa: LIBERDADE, IGUALDADE E FRATERNIDADE. Obs.: O MA\u00c7OM n\u00e3o \u00e9 obrigado a mandar fazer TATUAGENS no seu corpo. Foto: 04\/08\/2013.<br \/>E falando em tatuagens, estou pensando muito em mandar fazer uma com a imagem do \u201cmeu PADIM\u201d PADRE C\u00cdCERO.<br \/><\/p><\/div>\n<p><b><center> 3) H\u00c1 21 ANOS ATR\u00c1S OS ABRA\u00c7OS DOS AMIGOS QUE J\u00c1 EST\u00c3O NO ORIENTE ETERNO E PARTICIPARAM DA FESTA DE ENTREGA DO T\u00cdTULO DE CIDAD\u00c3O ILHEENSE A JOS\u00c9 LEITE DE SOUZA NO CLUBE SOCIAL DE ILHEUS (9).<\/center><\/b><\/p>\n<div id=\"attachment_70073\" style=\"width: 310px\" class=\"wp-caption aligncenter\"><a href=\"http:\/\/www.r2cpress.com.br\/v1\/wp-content\/uploads\/Foto-75.jpg\"><img aria-describedby=\"caption-attachment-70073\" loading=\"lazy\" src=\"http:\/\/www.r2cpress.com.br\/v1\/wp-content\/uploads\/Foto-75-300x199.jpg\" alt=\"O abra\u00e7o do saudoso amigo e irm\u00e3o ma\u00e7om ELIAS OCKE, que se estivesse vivo teria comemorado 100 anos no \u00faltimo dia 23 de julho.\" width=\"300\" height=\"199\" class=\"size-medium wp-image-70073\" srcset=\"https:\/\/www.r2cpress.com.br\/v1\/wp-content\/uploads\/Foto-75-300x199.jpg 300w, https:\/\/www.r2cpress.com.br\/v1\/wp-content\/uploads\/Foto-75.jpg 640w\" sizes=\"(max-width: 300px) 100vw, 300px\" \/><\/a><p id=\"caption-attachment-70073\" class=\"wp-caption-text\">O abra\u00e7o do saudoso amigo e irm\u00e3o ma\u00e7om ELIAS OCKE, que se estivesse vivo teria comemorado 100 anos no \u00faltimo dia 23 de julho.<\/p><\/div>\n<div id=\"attachment_70074\" style=\"width: 310px\" class=\"wp-caption aligncenter\"><a href=\"http:\/\/www.r2cpress.com.br\/v1\/wp-content\/uploads\/Foto-85.jpg\"><img aria-describedby=\"caption-attachment-70074\" loading=\"lazy\" src=\"http:\/\/www.r2cpress.com.br\/v1\/wp-content\/uploads\/Foto-85-300x225.jpg\" alt=\"O abra\u00e7o da saudosa amiga RITA CERQUEIRA propriet\u00e1ria do antigo SAL\u00c3O DE BELEZA VOGUE que funcionava na Rua D. Pedro II.\" width=\"300\" height=\"225\" class=\"size-medium wp-image-70074\" srcset=\"https:\/\/www.r2cpress.com.br\/v1\/wp-content\/uploads\/Foto-85-300x225.jpg 300w, https:\/\/www.r2cpress.com.br\/v1\/wp-content\/uploads\/Foto-85.jpg 640w\" sizes=\"(max-width: 300px) 100vw, 300px\" \/><\/a><p id=\"caption-attachment-70074\" class=\"wp-caption-text\">O abra\u00e7o da saudosa amiga RITA CERQUEIRA propriet\u00e1ria do antigo SAL\u00c3O DE BELEZA VOGUE que funcionava na Rua D. Pedro II.<\/p><\/div>\n<div id=\"attachment_70075\" style=\"width: 310px\" class=\"wp-caption aligncenter\"><a href=\"http:\/\/www.r2cpress.com.br\/v1\/wp-content\/uploads\/Foto-94.jpg\"><img aria-describedby=\"caption-attachment-70075\" loading=\"lazy\" src=\"http:\/\/www.r2cpress.com.br\/v1\/wp-content\/uploads\/Foto-94-300x201.jpg\" alt=\"O abra\u00e7o do saudoso amigo JOS\u00c9 GUEDES, antigo conferente do PORTO DE ILH\u00c9US.\" width=\"300\" height=\"201\" class=\"size-medium wp-image-70075\" srcset=\"https:\/\/www.r2cpress.com.br\/v1\/wp-content\/uploads\/Foto-94-300x201.jpg 300w, https:\/\/www.r2cpress.com.br\/v1\/wp-content\/uploads\/Foto-94.jpg 640w\" sizes=\"(max-width: 300px) 100vw, 300px\" \/><\/a><p id=\"caption-attachment-70075\" class=\"wp-caption-text\">O abra\u00e7o do saudoso amigo JOS\u00c9 GUEDES, antigo conferente do PORTO DE ILH\u00c9US.<\/p><\/div>\n<div id=\"attachment_70076\" style=\"width: 310px\" class=\"wp-caption aligncenter\"><a href=\"http:\/\/www.r2cpress.com.br\/v1\/wp-content\/uploads\/Foto-106.jpg\"><img aria-describedby=\"caption-attachment-70076\" loading=\"lazy\" src=\"http:\/\/www.r2cpress.com.br\/v1\/wp-content\/uploads\/Foto-106-300x231.jpg\" alt=\"O abra\u00e7o do saudoso amigo MAILSOM GAMA LAVIGNE, ex-gerente da antiga ILH\u00c9US MOTOR, revendedora autorizada WOLKSWAGEM.\" width=\"300\" height=\"231\" class=\"size-medium wp-image-70076\" srcset=\"https:\/\/www.r2cpress.com.br\/v1\/wp-content\/uploads\/Foto-106-300x231.jpg 300w, https:\/\/www.r2cpress.com.br\/v1\/wp-content\/uploads\/Foto-106.jpg 621w\" sizes=\"(max-width: 300px) 100vw, 300px\" \/><\/a><p id=\"caption-attachment-70076\" class=\"wp-caption-text\">O abra\u00e7o do saudoso amigo MAILSOM GAMA LAVIGNE, ex-gerente da antiga ILH\u00c9US MOTOR, revendedora autorizada WOLKSWAGEM.<\/p><\/div>\n<div id=\"attachment_70077\" style=\"width: 310px\" class=\"wp-caption aligncenter\"><a href=\"http:\/\/www.r2cpress.com.br\/v1\/wp-content\/uploads\/Foto-119.jpg\"><img aria-describedby=\"caption-attachment-70077\" loading=\"lazy\" src=\"http:\/\/www.r2cpress.com.br\/v1\/wp-content\/uploads\/Foto-119-300x202.jpg\" alt=\"O abra\u00e7o da saudosa e querida amiga CEC\u00cdLIA, minha primeira lavadeira de roupas (d\u00e9cada de 60), CEC\u00cdLIA, faleceu a tempos atr\u00e1s com 100 anos de idade no ABRIGO S\u00c3O VICENTE DE PAULA.\" width=\"300\" height=\"202\" class=\"size-medium wp-image-70077\" srcset=\"https:\/\/www.r2cpress.com.br\/v1\/wp-content\/uploads\/Foto-119-300x202.jpg 300w, https:\/\/www.r2cpress.com.br\/v1\/wp-content\/uploads\/Foto-119.jpg 640w\" sizes=\"(max-width: 300px) 100vw, 300px\" \/><\/a><p id=\"caption-attachment-70077\" class=\"wp-caption-text\">O abra\u00e7o da saudosa e querida amiga CEC\u00cdLIA, minha primeira lavadeira de roupas (d\u00e9cada de 60), CEC\u00cdLIA, faleceu a tempos atr\u00e1s com 100 anos de idade no ABRIGO S\u00c3O VICENTE DE PAULA.<\/p><\/div>\n<div id=\"attachment_70078\" style=\"width: 310px\" class=\"wp-caption aligncenter\"><a href=\"http:\/\/www.r2cpress.com.br\/v1\/wp-content\/uploads\/Foto-127.jpg\"><img aria-describedby=\"caption-attachment-70078\" loading=\"lazy\" src=\"http:\/\/www.r2cpress.com.br\/v1\/wp-content\/uploads\/Foto-127-300x202.jpg\" alt=\"O abra\u00e7o do saudoso amigo EDIVALDO MARTINS (VADINHO), um dos melhores Ju\u00edzes de Futebol de ILH\u00c9US.\" width=\"300\" height=\"202\" class=\"size-medium wp-image-70078\" srcset=\"https:\/\/www.r2cpress.com.br\/v1\/wp-content\/uploads\/Foto-127-300x202.jpg 300w, https:\/\/www.r2cpress.com.br\/v1\/wp-content\/uploads\/Foto-127.jpg 640w\" sizes=\"(max-width: 300px) 100vw, 300px\" \/><\/a><p id=\"caption-attachment-70078\" class=\"wp-caption-text\">O abra\u00e7o do saudoso amigo EDIVALDO MARTINS (VADINHO), um dos melhores Ju\u00edzes de Futebol de ILH\u00c9US.<\/p><\/div>\n<p><b><center> 4) AS FOTOS DESTAQUES DA SEMANA.<\/center><\/b><\/p>\n<div id=\"attachment_70079\" style=\"width: 310px\" class=\"wp-caption aligncenter\"><a href=\"http:\/\/www.r2cpress.com.br\/v1\/wp-content\/uploads\/Foto-13-Motoqueiros.jpg\"><img aria-describedby=\"caption-attachment-70079\" loading=\"lazy\" src=\"http:\/\/www.r2cpress.com.br\/v1\/wp-content\/uploads\/Foto-13-Motoqueiros-300x201.jpg\" alt=\"O TURISMO RELIGIOSO hoje em JUAZEIRO DO NORTE, n\u00e3o se prende somente a \u00f4nibus, pau de arara, autom\u00f3veis e avi\u00f5es. Os turistas motorizados a cada dia est\u00e3o aumentando. Na foto acima JOSIAS, JOS\u00c9 C\u00cdCERO e CLAUDIO retornando de JUAZEIRO para ARAPIRACA \u2013 ALAGOAS \u00e0s 12h30min, previs\u00e3o de chegada 17h30min. Foto 22\/07\/2013.\" width=\"300\" height=\"201\" class=\"size-medium wp-image-70079\" srcset=\"https:\/\/www.r2cpress.com.br\/v1\/wp-content\/uploads\/Foto-13-Motoqueiros-300x201.jpg 300w, https:\/\/www.r2cpress.com.br\/v1\/wp-content\/uploads\/Foto-13-Motoqueiros.jpg 640w\" sizes=\"(max-width: 300px) 100vw, 300px\" \/><\/a><p id=\"caption-attachment-70079\" class=\"wp-caption-text\">O TURISMO RELIGIOSO hoje em JUAZEIRO DO NORTE, n\u00e3o se prende somente a \u00f4nibus, pau de arara, autom\u00f3veis e avi\u00f5es. Os turistas motorizados a cada dia est\u00e3o aumentando. Na foto acima JOSIAS, JOS\u00c9 C\u00cdCERO e CLAUDIO retornando de JUAZEIRO para ARAPIRACA \u2013 ALAGOAS \u00e0s 12h30min, previs\u00e3o de chegada 17h30min. Foto 22\/07\/2013.<\/p><\/div>\n<div id=\"attachment_70080\" style=\"width: 310px\" class=\"wp-caption aligncenter\"><a href=\"http:\/\/www.r2cpress.com.br\/v1\/wp-content\/uploads\/Foto-14-Jos\u00e9-Martins-de-Alcoba\u00e7a.jpg\"><img aria-describedby=\"caption-attachment-70080\" loading=\"lazy\" src=\"http:\/\/www.r2cpress.com.br\/v1\/wp-content\/uploads\/Foto-14-Jos\u00e9-Martins-de-Alcoba\u00e7a-300x202.jpg\" alt=\"Um grande abra\u00e7o para JOS\u00c9 MARTINS de ALCOBA\u00c7A, grande admirador do BA\u00da DE JOS\u00c9 LEITE. Na foto os dois Z\u00e9 (31\/07\/2013).\" width=\"300\" height=\"202\" class=\"size-medium wp-image-70080\" srcset=\"https:\/\/www.r2cpress.com.br\/v1\/wp-content\/uploads\/Foto-14-Jos\u00e9-Martins-de-Alcoba\u00e7a-300x202.jpg 300w, https:\/\/www.r2cpress.com.br\/v1\/wp-content\/uploads\/Foto-14-Jos\u00e9-Martins-de-Alcoba\u00e7a.jpg 640w\" sizes=\"(max-width: 300px) 100vw, 300px\" \/><\/a><p id=\"caption-attachment-70080\" class=\"wp-caption-text\">Um grande abra\u00e7o para JOS\u00c9 MARTINS de ALCOBA\u00c7A, grande admirador do BA\u00da DE JOS\u00c9 LEITE. Na foto os dois Z\u00e9 (31\/07\/2013).<\/p><\/div>\n<p><b><center>E NO MAIS&#8230;<\/center><\/b><\/p>\n<div id=\"attachment_70081\" style=\"width: 310px\" class=\"wp-caption aligncenter\"><a href=\"http:\/\/www.r2cpress.com.br\/v1\/wp-content\/uploads\/Foto-15-Nelson-Sim\u00f5es.jpg\"><img aria-describedby=\"caption-attachment-70081\" loading=\"lazy\" src=\"http:\/\/www.r2cpress.com.br\/v1\/wp-content\/uploads\/Foto-15-Nelson-Sim\u00f5es-300x200.jpg\" alt=\"Ele \u00e9 um dos Assessores de Gabinete de maior confian\u00e7a do GOVERNADOR JAQUES WAGNER. Convive com o Governador 12 horas por dia. O Governador gosta do seu trabalho. O assessor \u00e9 Ilheense. Seu nome: NELSON SIM\u00d5ES. Como seria bom o assessor ficar lembrando sempre: Governador: O recapeamento com asfalto para as ruas de Ilh\u00e9us. Governador: O saneamento b\u00e1sico para o Pontal. Governador: N\u00e3o esque\u00e7a de Ilh\u00e9us. Em alguns governos, o assessor direto do Governador tem mais prestigio que algumas lideran\u00e7as. Na foto: NELSON SIM\u00d5ES e JOS\u00c9 LEITE. \" width=\"300\" height=\"200\" class=\"size-medium wp-image-70081\" srcset=\"https:\/\/www.r2cpress.com.br\/v1\/wp-content\/uploads\/Foto-15-Nelson-Sim\u00f5es-300x200.jpg 300w, https:\/\/www.r2cpress.com.br\/v1\/wp-content\/uploads\/Foto-15-Nelson-Sim\u00f5es.jpg 640w\" sizes=\"(max-width: 300px) 100vw, 300px\" \/><\/a><p id=\"caption-attachment-70081\" class=\"wp-caption-text\">Ele \u00e9 um dos Assessores de Gabinete de maior confian\u00e7a do GOVERNADOR JAQUES WAGNER.<br \/>Convive com o Governador 12 horas por dia.<br \/>O Governador gosta do seu trabalho.<br \/>O assessor \u00e9 Ilheense.<br \/>Seu nome: NELSON SIM\u00d5ES.<br \/>Como seria bom o assessor ficar lembrando sempre:<br \/>Governador: O recapeamento com asfalto para as ruas de Ilh\u00e9us.<br \/>Governador: O saneamento b\u00e1sico para o Pontal.<br \/>Governador: N\u00e3o esque\u00e7a de Ilh\u00e9us.<br \/>Em alguns governos, o assessor direto do Governador tem mais prestigio que algumas lideran\u00e7as.<br \/>Na foto: NELSON SIM\u00d5ES e JOS\u00c9 LEITE.<br \/><\/p><\/div>\n<p>&#8212;<br \/>\nJos\u00e9 Leite de Souza.<br \/>\nTel: (73) 3634-3134<br \/>\ne-mail: jleitesouza@hotmail.com<\/p>\n","protected":false},"excerpt":{"rendered":"<p>1) NOSSA HOMENAGEM AOS 101 ANOS DE JORGE AMADO. 2) NOS MIST\u00c9RIOS DA MA\u00c7ONARIA (11). 3) H\u00c1 21 ANOS ATR\u00c1S OS ABRA\u00c7OS DOS AMIGOS QUE J\u00c1 EST\u00c3O NO ORIENTE ETERNO E PARTICIPARAM DA FESTA DE ENTREGA DO T\u00cdTULO DE CIDAD\u00c3O ILHEENSE A JOS\u00c9 LEITE DE SOUZA NO CLUBE SOCIAL DE ILHEUS (9). 4) AS FOTOS [&hellip;]<\/p>\n","protected":false},"author":2,"featured_media":0,"comment_status":"open","ping_status":"open","sticky":false,"template":"","format":"standard","meta":{"_links_to":"","_links_to_target":""},"categories":[10],"tags":[],"_links":{"self":[{"href":"https:\/\/www.r2cpress.com.br\/v1\/wp-json\/wp\/v2\/posts\/70066"}],"collection":[{"href":"https:\/\/www.r2cpress.com.br\/v1\/wp-json\/wp\/v2\/posts"}],"about":[{"href":"https:\/\/www.r2cpress.com.br\/v1\/wp-json\/wp\/v2\/types\/post"}],"author":[{"embeddable":true,"href":"https:\/\/www.r2cpress.com.br\/v1\/wp-json\/wp\/v2\/users\/2"}],"replies":[{"embeddable":true,"href":"https:\/\/www.r2cpress.com.br\/v1\/wp-json\/wp\/v2\/comments?post=70066"}],"version-history":[{"count":3,"href":"https:\/\/www.r2cpress.com.br\/v1\/wp-json\/wp\/v2\/posts\/70066\/revisions"}],"predecessor-version":[{"id":70084,"href":"https:\/\/www.r2cpress.com.br\/v1\/wp-json\/wp\/v2\/posts\/70066\/revisions\/70084"}],"wp:attachment":[{"href":"https:\/\/www.r2cpress.com.br\/v1\/wp-json\/wp\/v2\/media?parent=70066"}],"wp:term":[{"taxonomy":"category","embeddable":true,"href":"https:\/\/www.r2cpress.com.br\/v1\/wp-json\/wp\/v2\/categories?post=70066"},{"taxonomy":"post_tag","embeddable":true,"href":"https:\/\/www.r2cpress.com.br\/v1\/wp-json\/wp\/v2\/tags?post=70066"}],"curies":[{"name":"wp","href":"https:\/\/api.w.org\/{rel}","templated":true}]}}