{"id":7007,"date":"2011-01-20T14:46:36","date_gmt":"2011-01-20T17:46:36","guid":{"rendered":"http:\/\/www.r2cpress.com.br\/v1\/?p=7007"},"modified":"2011-01-20T14:46:36","modified_gmt":"2011-01-20T17:46:36","slug":"grande-publico-prestigiou-mais-uma-noite-do-3%c2%ba-projeto-verao-do-malhado","status":"publish","type":"post","link":"https:\/\/www.r2cpress.com.br\/v1\/2011\/01\/20\/grande-publico-prestigiou-mais-uma-noite-do-3%c2%ba-projeto-verao-do-malhado\/","title":{"rendered":"Grande P\u00fablico prestigiou mais uma noite do 3\u00ba Projeto Ver\u00e3o do Malhado"},"content":{"rendered":"<p><center><div id=\"attachment_7008\" style=\"width: 310px\" class=\"wp-caption alignnone\"><a href=\"http:\/\/www.r2cpress.com.br\/v1\/wp-content\/uploads\/MONT-CAPA-SITE15.jpg\"><img aria-describedby=\"caption-attachment-7008\" loading=\"lazy\" src=\"http:\/\/www.r2cpress.com.br\/v1\/wp-content\/uploads\/MONT-CAPA-SITE15-300x225.jpg\" alt=\"\" title=\"MONT CAPA SITE\" width=\"300\" height=\"225\" class=\"size-medium wp-image-7008\" srcset=\"https:\/\/www.r2cpress.com.br\/v1\/wp-content\/uploads\/MONT-CAPA-SITE15-300x225.jpg 300w, https:\/\/www.r2cpress.com.br\/v1\/wp-content\/uploads\/MONT-CAPA-SITE15.jpg 750w\" sizes=\"(max-width: 300px) 100vw, 300px\" \/><\/a><p id=\"caption-attachment-7008\" class=\"wp-caption-text\">3\u00ba Projeto Ver\u00e3o do Malhado<\/p><\/div><\/center><\/p>\n<p>Centenas de pessoas prestigiaram mais uma noite do 3\u00ba Projeto Ver\u00e3o do Malhado em Ilh\u00e9us, o p\u00fablico presente pode assistir a 3 jogos emocionantes. Pela segunda rodada da 1\u00aa Copa de Veteranos de Futebol de Areia o time da Barra venceu Aritagu\u00e1 por 4&#215;2, avan\u00e7ando assim a pr\u00f3xima fase da competi\u00e7\u00e3o onde ir\u00e1 enfrentar o combinado da Urbis no dia 28 deste m\u00eas.<\/p>\n<p>A 3\u00aa rodada da 2\u00aa Copa InterBairros de Futebol de Areia teve mais uma rodada dupla mantendo a alta m\u00e9dia de gols do torneio. O time do Alto do Coqueiro derrotou a equipe da Barra por 3&#215;2 em um jogo de emo\u00e7\u00f5es at\u00e9 o \u00faltimo instante. A segunda partida da noite foi a de maior n\u00famero de gols da competi\u00e7\u00e3o at\u00e9 o momento, o Alto do Amparou ganhou do Nelson Costa por 8&#215;7 com o gol da vit\u00f3ria sendo marcado nos acr\u00e9scimos. As duas equipes vencedoras da noite avan\u00e7am a segunda fase e se enfrentar\u00e3o no dia 28 de janeiro por uma vaga na semifinal. <\/p>\n<p><!--more--><\/p>\n<p>O 3\u00ba Projeto Ver\u00e3o do Malhado segue nesta sexta-feira, 21, na arena montada no Parque Lu\u00eds Eduardo Magalh\u00e3es, Avenida Litor\u00e2nea. Baba dos 40 x Malhado ser\u00e1 o jogo da noite pela 1\u00aa Copa de Veteranos de Futebol de Areia. J\u00e1 a 2\u00aa Copa InterBairros de Futebol de Areia ter\u00e1 os dois \u00faltimos jogos da primeira fase da competi\u00e7\u00e3o. S\u00e3o Miguel x Teot\u00f4nio Vilela e Rua do Cano x Marciano duelar\u00e3o por uma vaga na segunda fase do torneio. <\/p>\n<p>O evento tem a realiza\u00e7\u00e3o do vereador Jailson Nascimento e conta com o apoio da C\u00e2mara Municipal de Ilh\u00e9us, Federa\u00e7\u00e3o Baiana de Futebol, Nova Schin, Seraf\u00e9til, Solar Toldos, In\u00e1cio Auto Pe\u00e7as, ST Transporte e Via\u00e7\u00e3o S\u00e3o Miguel.<\/p>\n","protected":false},"excerpt":{"rendered":"<p>Centenas de pessoas prestigiaram mais uma noite do 3\u00ba Projeto Ver\u00e3o do Malhado em Ilh\u00e9us, o p\u00fablico presente pode assistir a 3 jogos emocionantes. Pela segunda rodada da 1\u00aa Copa de Veteranos de Futebol de Areia o time da Barra venceu Aritagu\u00e1 por 4&#215;2, avan\u00e7ando assim a pr\u00f3xima fase da competi\u00e7\u00e3o onde ir\u00e1 enfrentar o [&hellip;]<\/p>\n","protected":false},"author":2,"featured_media":0,"comment_status":"open","ping_status":"open","sticky":false,"template":"","format":"standard","meta":{"_links_to":"","_links_to_target":""},"categories":[11],"tags":[],"_links":{"self":[{"href":"https:\/\/www.r2cpress.com.br\/v1\/wp-json\/wp\/v2\/posts\/7007"}],"collection":[{"href":"https:\/\/www.r2cpress.com.br\/v1\/wp-json\/wp\/v2\/posts"}],"about":[{"href":"https:\/\/www.r2cpress.com.br\/v1\/wp-json\/wp\/v2\/types\/post"}],"author":[{"embeddable":true,"href":"https:\/\/www.r2cpress.com.br\/v1\/wp-json\/wp\/v2\/users\/2"}],"replies":[{"embeddable":true,"href":"https:\/\/www.r2cpress.com.br\/v1\/wp-json\/wp\/v2\/comments?post=7007"}],"version-history":[{"count":2,"href":"https:\/\/www.r2cpress.com.br\/v1\/wp-json\/wp\/v2\/posts\/7007\/revisions"}],"predecessor-version":[{"id":7010,"href":"https:\/\/www.r2cpress.com.br\/v1\/wp-json\/wp\/v2\/posts\/7007\/revisions\/7010"}],"wp:attachment":[{"href":"https:\/\/www.r2cpress.com.br\/v1\/wp-json\/wp\/v2\/media?parent=7007"}],"wp:term":[{"taxonomy":"category","embeddable":true,"href":"https:\/\/www.r2cpress.com.br\/v1\/wp-json\/wp\/v2\/categories?post=7007"},{"taxonomy":"post_tag","embeddable":true,"href":"https:\/\/www.r2cpress.com.br\/v1\/wp-json\/wp\/v2\/tags?post=7007"}],"curies":[{"name":"wp","href":"https:\/\/api.w.org\/{rel}","templated":true}]}}