{"id":70091,"date":"2013-08-09T13:39:56","date_gmt":"2013-08-09T16:39:56","guid":{"rendered":"http:\/\/www.r2cpress.com.br\/v1\/?p=70091"},"modified":"2013-08-09T13:39:56","modified_gmt":"2013-08-09T16:39:56","slug":"prefeitura-de-ilheus-regulariza-a-merenda-escolar","status":"publish","type":"post","link":"https:\/\/www.r2cpress.com.br\/v1\/2013\/08\/09\/prefeitura-de-ilheus-regulariza-a-merenda-escolar\/","title":{"rendered":"Prefeitura de Ilh\u00e9us regulariza a merenda escolar"},"content":{"rendered":"<p>A Secretaria Municipal de Educa\u00e7\u00e3o de Ilh\u00e9us (Seduc) encerra nesta sexta-feira, dia 9, a distribui\u00e7\u00e3o das guias da merenda escolar para as 51 unidades da rede municipal de ensino. Esta \u00e9 a etapa final do processo de licita\u00e7\u00e3o autorizado pelo prefeito Jabes Ribeiro, ap\u00f3s o pagamento da d\u00edvida de R$ 638.286,73 ao Fundo Nacional do Desenvolvimento da Educa\u00e7\u00e3o (FNDE).<\/p>\n<p>A d\u00edvida deixada pela gest\u00e3o passada \u00e9 que provocou o atraso na distribui\u00e7\u00e3o da merenda em todas as unidades da rede municipal de Ilh\u00e9us. Com as provid\u00eancias adotadas, est\u00e1 assegurada a distribui\u00e7\u00e3o di\u00e1ria de merenda aos 24.345 alunos matriculados na rede municipal.<\/p>\n<p>A secret\u00e1ria municipal de Educa\u00e7\u00e3o, Marl\u00facia Rocha, considera a regulariza\u00e7\u00e3o da merenda escolar um passo importante para a reestrutura\u00e7\u00e3o da rede municipal de educa\u00e7\u00e3o de Ilh\u00e9us. Ela faz um apelo aos professores que participam do movimento grevista deflagrado pelo sindicato da categoria para que retomem as atividades, e enfatiza que a paralisa\u00e7\u00e3o das aulas j\u00e1 comprometeu as f\u00e9rias dos estudantes, pois a reposi\u00e7\u00e3o dos dias parados dever\u00e1 ocorrer nos meses de janeiro e fevereiro. \u201cIsso afeta os alunos e suas fam\u00edlias\u201d, ressalva a secret\u00e1ria.<\/p>\n<p>Segundo o chefe da Se\u00e7\u00e3o de Alimenta\u00e7\u00e3o Escolar da Seduc, Cl\u00e1udio Val\u00e9rio dos Santos, cada escola est\u00e1 recebendo um documento de libera\u00e7\u00e3o para aquisi\u00e7\u00e3o dos itens que comp\u00f5em o card\u00e1pio v\u00e1lido para 30 dias. Ap\u00f3s receber as guias, os gestores entram em contato com os fornecedores contratados e abastecem as unidades.<\/p>\n<p>&#8212;<br \/>\nSecretaria de Comunica\u00e7\u00e3o Social (Secom)<br \/>\nIlh\u00e9us \u2013 09.08.2013<\/p>\n","protected":false},"excerpt":{"rendered":"<p>A Secretaria Municipal de Educa\u00e7\u00e3o de Ilh\u00e9us (Seduc) encerra nesta sexta-feira, dia 9, a distribui\u00e7\u00e3o das guias da merenda escolar para as 51 unidades da rede municipal de ensino. Esta \u00e9 a etapa final do processo de licita\u00e7\u00e3o autorizado pelo prefeito Jabes Ribeiro, ap\u00f3s o pagamento da d\u00edvida de R$ 638.286,73 ao Fundo Nacional do [&hellip;]<\/p>\n","protected":false},"author":2,"featured_media":0,"comment_status":"open","ping_status":"open","sticky":false,"template":"","format":"standard","meta":{"_links_to":"","_links_to_target":""},"categories":[23],"tags":[],"_links":{"self":[{"href":"https:\/\/www.r2cpress.com.br\/v1\/wp-json\/wp\/v2\/posts\/70091"}],"collection":[{"href":"https:\/\/www.r2cpress.com.br\/v1\/wp-json\/wp\/v2\/posts"}],"about":[{"href":"https:\/\/www.r2cpress.com.br\/v1\/wp-json\/wp\/v2\/types\/post"}],"author":[{"embeddable":true,"href":"https:\/\/www.r2cpress.com.br\/v1\/wp-json\/wp\/v2\/users\/2"}],"replies":[{"embeddable":true,"href":"https:\/\/www.r2cpress.com.br\/v1\/wp-json\/wp\/v2\/comments?post=70091"}],"version-history":[{"count":2,"href":"https:\/\/www.r2cpress.com.br\/v1\/wp-json\/wp\/v2\/posts\/70091\/revisions"}],"predecessor-version":[{"id":70093,"href":"https:\/\/www.r2cpress.com.br\/v1\/wp-json\/wp\/v2\/posts\/70091\/revisions\/70093"}],"wp:attachment":[{"href":"https:\/\/www.r2cpress.com.br\/v1\/wp-json\/wp\/v2\/media?parent=70091"}],"wp:term":[{"taxonomy":"category","embeddable":true,"href":"https:\/\/www.r2cpress.com.br\/v1\/wp-json\/wp\/v2\/categories?post=70091"},{"taxonomy":"post_tag","embeddable":true,"href":"https:\/\/www.r2cpress.com.br\/v1\/wp-json\/wp\/v2\/tags?post=70091"}],"curies":[{"name":"wp","href":"https:\/\/api.w.org\/{rel}","templated":true}]}}