{"id":70094,"date":"2013-08-09T16:34:08","date_gmt":"2013-08-09T19:34:08","guid":{"rendered":"http:\/\/www.r2cpress.com.br\/v1\/?p=70094"},"modified":"2013-08-09T16:34:08","modified_gmt":"2013-08-09T19:34:08","slug":"rildo-foge-conclui-paineis-em-grafite-que-retratam-tempos-aureos-de-ilheus","status":"publish","type":"post","link":"https:\/\/www.r2cpress.com.br\/v1\/2013\/08\/09\/rildo-foge-conclui-paineis-em-grafite-que-retratam-tempos-aureos-de-ilheus\/","title":{"rendered":"Rildo Foge conclui pain\u00e9is em grafite que retratam tempos \u00e1ureos de Ilh\u00e9us"},"content":{"rendered":"<p>\tO artista pl\u00e1stico Rildo Foge finalizou nesta sexta-feira (08) a interven\u00e7\u00e3o urbana \u201cPor uma Ilh\u00e9us mais Viva\u201d. Utilizando a t\u00e9cnica do grafite, ele retratou cenas das d\u00e9cadas de 1920 e 30, tempos \u00e1ureos da lavoura cacaueira. Ao todo, foram oito pain\u00e9is em muros e pared\u00f5es de im\u00f3veis p\u00fablicos e privados, autorizados pelos seus propriet\u00e1rios ou respons\u00e1veis. A maioria est\u00e1 no Centro Hist\u00f3rico e pontos tur\u00edsticos da cidade. E, para orientar o p\u00fablico, foram impressos folhetos informativos com fotos e localiza\u00e7\u00e3o das obras de arte urbana.<br \/>\n<div id=\"attachment_70095\" style=\"width: 610px\" class=\"wp-caption aligncenter\"><a href=\"http:\/\/www.r2cpress.com.br\/v1\/wp-content\/uploads\/Painel-de-Rildo-Foge-na-Ponta-da-Pedra-foto-Karoline-Vital-2.jpg\"><img aria-describedby=\"caption-attachment-70095\" loading=\"lazy\" src=\"http:\/\/www.r2cpress.com.br\/v1\/wp-content\/uploads\/Painel-de-Rildo-Foge-na-Ponta-da-Pedra-foto-Karoline-Vital-2.jpg\" alt=\"Painel de Rildo Foge na Ponta da Pedra - foto Karoline Vital.\" width=\"600\" height=\"450\" class=\"size-full wp-image-70095\" srcset=\"https:\/\/www.r2cpress.com.br\/v1\/wp-content\/uploads\/Painel-de-Rildo-Foge-na-Ponta-da-Pedra-foto-Karoline-Vital-2.jpg 600w, https:\/\/www.r2cpress.com.br\/v1\/wp-content\/uploads\/Painel-de-Rildo-Foge-na-Ponta-da-Pedra-foto-Karoline-Vital-2-300x225.jpg 300w\" sizes=\"(max-width: 600px) 100vw, 600px\" \/><\/a><p id=\"caption-attachment-70095\" class=\"wp-caption-text\">Painel de Rildo Foge na Ponta da Pedra &#8211; foto Karoline Vital.<\/p><\/div><\/p>\n<p>\tA interven\u00e7\u00e3o urbana \u201cPor uma Ilh\u00e9us mais Viva\u201d foi patrocinada pela Funda\u00e7\u00e3o Cultural do Estado da Bahia (Funceb), atrav\u00e9s do edital do Calend\u00e1rio das Artes. A iniciativa ainda contou com apoio do Teatro Popular de Ilh\u00e9us. Esta n\u00e3o \u00e9 a primeira vez que Rildo Foge homenageia a cidade com sua arte. Antes, com recursos pr\u00f3prios e sem qualquer tipo de financiamento, ele embelezou diversos locais com pain\u00e9is em grafite.<\/p>\n<p>\tPara Rildo Foge, o grafite \u00e9 uma express\u00e3o urbana de notoriedade crescente e, cada vez mais, vem sendo valorizada e reconhecida como arte. Em seus oito pain\u00e9is, ele retratou cenas buc\u00f3licas dos tempos em que Ilh\u00e9us vivenciou o apogeu do cacau e despertou para o mundo.<\/p>\n","protected":false},"excerpt":{"rendered":"<p>O artista pl\u00e1stico Rildo Foge finalizou nesta sexta-feira (08) a interven\u00e7\u00e3o urbana \u201cPor uma Ilh\u00e9us mais Viva\u201d. Utilizando a t\u00e9cnica do grafite, ele retratou cenas das d\u00e9cadas de 1920 e 30, tempos \u00e1ureos da lavoura cacaueira. Ao todo, foram oito pain\u00e9is em muros e pared\u00f5es de im\u00f3veis p\u00fablicos e privados, autorizados pelos seus propriet\u00e1rios ou [&hellip;]<\/p>\n","protected":false},"author":2,"featured_media":0,"comment_status":"open","ping_status":"open","sticky":false,"template":"","format":"standard","meta":{"_links_to":"","_links_to_target":""},"categories":[5],"tags":[],"_links":{"self":[{"href":"https:\/\/www.r2cpress.com.br\/v1\/wp-json\/wp\/v2\/posts\/70094"}],"collection":[{"href":"https:\/\/www.r2cpress.com.br\/v1\/wp-json\/wp\/v2\/posts"}],"about":[{"href":"https:\/\/www.r2cpress.com.br\/v1\/wp-json\/wp\/v2\/types\/post"}],"author":[{"embeddable":true,"href":"https:\/\/www.r2cpress.com.br\/v1\/wp-json\/wp\/v2\/users\/2"}],"replies":[{"embeddable":true,"href":"https:\/\/www.r2cpress.com.br\/v1\/wp-json\/wp\/v2\/comments?post=70094"}],"version-history":[{"count":2,"href":"https:\/\/www.r2cpress.com.br\/v1\/wp-json\/wp\/v2\/posts\/70094\/revisions"}],"predecessor-version":[{"id":70097,"href":"https:\/\/www.r2cpress.com.br\/v1\/wp-json\/wp\/v2\/posts\/70094\/revisions\/70097"}],"wp:attachment":[{"href":"https:\/\/www.r2cpress.com.br\/v1\/wp-json\/wp\/v2\/media?parent=70094"}],"wp:term":[{"taxonomy":"category","embeddable":true,"href":"https:\/\/www.r2cpress.com.br\/v1\/wp-json\/wp\/v2\/categories?post=70094"},{"taxonomy":"post_tag","embeddable":true,"href":"https:\/\/www.r2cpress.com.br\/v1\/wp-json\/wp\/v2\/tags?post=70094"}],"curies":[{"name":"wp","href":"https:\/\/api.w.org\/{rel}","templated":true}]}}