{"id":7011,"date":"2011-01-20T14:50:52","date_gmt":"2011-01-20T17:50:52","guid":{"rendered":"http:\/\/www.r2cpress.com.br\/v1\/?p=7011"},"modified":"2011-01-20T14:50:52","modified_gmt":"2011-01-20T17:50:52","slug":"aprenda-a-chamar-a-policia","status":"publish","type":"post","link":"https:\/\/www.r2cpress.com.br\/v1\/2011\/01\/20\/aprenda-a-chamar-a-policia\/","title":{"rendered":"APRENDA A CHAMAR A POL\u00cdCIA!&#8230;"},"content":{"rendered":"<p>De: Nadson Carvalho <nadinho .carvalho@gmail.com><br \/>\nAssunto:<strong> APRENDA A CHAMAR A POL\u00cdCIA!&#8230;<\/strong><\/p>\n<p>Corpo da mensagem:<br \/>\nEu tenho o sono muito leve, e numa noite dessas notei que havia algu\u00e9m andando sorrateiramente no quintal de casa.<\/p>\n<p>Levantei em sil\u00eancio e fiquei acompanhando os leves ru\u00eddos que vinham l\u00e1 de fora, at\u00e9 ver uma silhueta passando pela janela do banheiro.<\/p>\n<p>Como minha casa era muito segura, com  grades nas janelas e trancas internas nas portas, n\u00e3o fiquei muito preocupado, mas era claro que eu n\u00e3o ia deixar um ladr\u00e3o ali,espiando tranq\u00fcilamente.<\/p>\n<p>Liguei baixinho para a pol\u00edcia, informei a situa\u00e7\u00e3o e o meu endere\u00e7o.  Perguntaram- me se o ladr\u00e3o estava armado ou se j\u00e1 estava no interior da casa. Esclareci que n\u00e3o e disseram-me que n\u00e3o havia nenhuma viatura por perto para ajudar, mas que iriam mandar algu\u00e9m assim que fosse poss\u00edvel.<\/p>\n<p>Um minuto depois liguei de novo e disse com a voz calma:<\/p>\n<p>-Oi, eu liguei h\u00e1 pouco porque tinha algu\u00e9m no meu quintal. N\u00e3o precisa mais ter pressa. Eu j\u00e1 matei o ladr\u00e3o com um tiro da escopeta calibre 12, que tenho guardada em casa para estas situa\u00e7\u00f5es. O tiro fez um estrago danado no cara!<\/p>\n<p><!--more--><\/p>\n<p>Passados menos de tr\u00eas minutos, estavam na minha rua cinco carros da pol\u00edcia, um helic\u00f3ptero, uma unidade do resgate, uma equipe de TV e a turma dos direitos humanos, que n\u00e3o perderiam isso por nada neste mundo.<\/p>\n<p>Eles prenderam o ladr\u00e3o em flagrante, que ficava olhando tudo com cara de assombrado.<br \/>\nTalvez ele estivesse pensando que aquela era a casa do Comandante da Pol\u00edcia.<\/p>\n<p>No meio do tumulto, um tenente se aproximou de mim e disse:<br \/>\n-Pensei que tivesse dito que tinha matado o ladr\u00e3o.<\/p>\n<p>Eu respondi:<\/p>\n<p>&#8211; Pensei que tivesse dito que n\u00e3o havia nenhuma viatura dispon\u00edvel.<\/p>\n<p>&#8212;<br \/>\nEsta mensagem foi enviada atrav\u00e9s do formul\u00e1rio de contato do site R2CPRESS | A Letra Fria da Verdade http:\/\/www.r2cpress.com.br\/v1<br \/>\n<\/nadinho><\/p>\n","protected":false},"excerpt":{"rendered":"<p>De: Nadson Carvalho Assunto: APRENDA A CHAMAR A POL\u00cdCIA!&#8230; Corpo da mensagem: Eu tenho o sono muito leve, e numa noite dessas notei que havia algu\u00e9m andando sorrateiramente no quintal de casa. Levantei em sil\u00eancio e fiquei acompanhando os leves ru\u00eddos que vinham l\u00e1 de fora, at\u00e9 ver uma silhueta passando pela janela do banheiro. [&hellip;]<\/p>\n","protected":false},"author":2,"featured_media":0,"comment_status":"open","ping_status":"open","sticky":false,"template":"","format":"standard","meta":{"_links_to":"","_links_to_target":""},"categories":[10],"tags":[],"_links":{"self":[{"href":"https:\/\/www.r2cpress.com.br\/v1\/wp-json\/wp\/v2\/posts\/7011"}],"collection":[{"href":"https:\/\/www.r2cpress.com.br\/v1\/wp-json\/wp\/v2\/posts"}],"about":[{"href":"https:\/\/www.r2cpress.com.br\/v1\/wp-json\/wp\/v2\/types\/post"}],"author":[{"embeddable":true,"href":"https:\/\/www.r2cpress.com.br\/v1\/wp-json\/wp\/v2\/users\/2"}],"replies":[{"embeddable":true,"href":"https:\/\/www.r2cpress.com.br\/v1\/wp-json\/wp\/v2\/comments?post=7011"}],"version-history":[{"count":2,"href":"https:\/\/www.r2cpress.com.br\/v1\/wp-json\/wp\/v2\/posts\/7011\/revisions"}],"predecessor-version":[{"id":7013,"href":"https:\/\/www.r2cpress.com.br\/v1\/wp-json\/wp\/v2\/posts\/7011\/revisions\/7013"}],"wp:attachment":[{"href":"https:\/\/www.r2cpress.com.br\/v1\/wp-json\/wp\/v2\/media?parent=7011"}],"wp:term":[{"taxonomy":"category","embeddable":true,"href":"https:\/\/www.r2cpress.com.br\/v1\/wp-json\/wp\/v2\/categories?post=7011"},{"taxonomy":"post_tag","embeddable":true,"href":"https:\/\/www.r2cpress.com.br\/v1\/wp-json\/wp\/v2\/tags?post=7011"}],"curies":[{"name":"wp","href":"https:\/\/api.w.org\/{rel}","templated":true}]}}