{"id":70131,"date":"2013-08-11T20:17:42","date_gmt":"2013-08-11T23:17:42","guid":{"rendered":"http:\/\/www.r2cpress.com.br\/v1\/?p=70131"},"modified":"2013-08-11T20:17:42","modified_gmt":"2013-08-11T23:17:42","slug":"quer-um-pouquinho-de-gripe-ou-prefere-dengue","status":"publish","type":"post","link":"https:\/\/www.r2cpress.com.br\/v1\/2013\/08\/11\/quer-um-pouquinho-de-gripe-ou-prefere-dengue\/","title":{"rendered":"QUER UM POUQUINHO DE GRIPE&#8230; OU PREFERE DENGUE?"},"content":{"rendered":"<p><img loading=\"lazy\" src=\"http:\/\/www.r2cpress.com.br\/v1\/wp-content\/uploads\/NILSON-PESSOA_MODIFICADA.jpg\" width=\"300\" height=\"209\" class=\"alignleft\" \/><\/p>\n<p style=\"text-align: justify;\"><span style=\"font-family: Times New Roman;\">Arriei de gripe. E essa foi da braba, acho que a pior de toda uma vida. Quando pensei que estava melhorando, fui derrubado de novo e j\u00e1 dura quase tr\u00eas semanas. Percebi que n\u00e3o sou apenas eu, tem centenas, milhares, na mesma situa\u00e7\u00e3o.<\/span><br \/>\n<span style=\"font-family: Times New Roman;\">Por falar em enfermidade, soube, hoje, que o ilustre senador Jos\u00e9 Sarney foi diagnosticado com nada menos do que dengue!<\/span><br \/>\n<span style=\"font-family: Times New Roman;\">N\u00e3o, n\u00e3o fico feliz por isso, afinal, o cara \u00e9 um ser humano; n\u00e3o como outro\u00a0qualquer mas, enfim,\u00a0um ser humano. Me causou estranheza que um nobre tenha contra\u00eddo essa doen\u00e7a de pobre. J\u00e1 sei, deve ter sido picado\u00a0durante\u00a0passeio\u00a0num\u00a0dos seus latif\u00fandios.\u00a0Pra completar, esqueceu que sua imortalidade \u00e9 s\u00f3\u00a0no sentido figurado.\u00a0Deveria ter tomado mais cuidado, al\u00e9m disso\u00a0parece que assessores e criadagem vacilaram em n\u00e3o proteger a contento o seu senhorio, por exemplo, usando fil\u00f3 em volta da <span style=\"text-decoration: underline;\">liteira<\/span>*. Como pode o\u00a0Dono do Maranh\u00e3o (e do Amap\u00e1 tamb\u00e9m), pegar essa doen\u00e7azinha chinfrin?\u00a0\u00a0<\/span><br \/>\n<span style=\"font-family: Times New Roman;\">Coitado. T\u00e1 sentindo na pele, literalmente, como vivem os plebeus e\u00a0pobres mortais.<\/span><br \/>\n<span style=\"font-family: Times New Roman;\">Melhoras, Sarney.<\/span><br \/>\n<span style=\"font-family: Times New Roman;\"><center><a href=\"https:\/\/www.facebook.com\/pages\/Museu-Nacional-dos-Coches\/144629745596505\" target=\"_blank\"><img loading=\"lazy\" class=\"aligncenter\" alt=\"\" src=\"https:\/\/sphotos-a-ord.xx.fbcdn.net\/hphotos-frc3\/s320x320\/971873_519308831461926_720906213_n.png\" width=\"309\" height=\"320\" \/><\/a><\/center><\/span><br \/>\n<center><em><span style=\"font-family: Times New Roman;\">Liteira: cadeira sobre varas para transporte\u00a0de personalidades<\/span><\/em><\/center><\/p>\n<p><strong><span style=\"font-family: Times New Roman;\"><em><strong>Nilson Pessoa<\/strong><\/em><\/span><\/strong><\/p>\n","protected":false},"excerpt":{"rendered":"<p>Arriei de gripe. E essa foi da braba, acho que a pior de toda uma vida. Quando pensei que estava melhorando, fui derrubado de novo e j\u00e1 dura quase tr\u00eas semanas. Percebi que n\u00e3o sou apenas eu, tem centenas, milhares, na mesma situa\u00e7\u00e3o. Por falar em enfermidade, soube, hoje, que o ilustre senador Jos\u00e9 Sarney [&hellip;]<\/p>\n","protected":false},"author":2,"featured_media":0,"comment_status":"open","ping_status":"open","sticky":false,"template":"","format":"standard","meta":{"_links_to":"","_links_to_target":""},"categories":[10],"tags":[],"_links":{"self":[{"href":"https:\/\/www.r2cpress.com.br\/v1\/wp-json\/wp\/v2\/posts\/70131"}],"collection":[{"href":"https:\/\/www.r2cpress.com.br\/v1\/wp-json\/wp\/v2\/posts"}],"about":[{"href":"https:\/\/www.r2cpress.com.br\/v1\/wp-json\/wp\/v2\/types\/post"}],"author":[{"embeddable":true,"href":"https:\/\/www.r2cpress.com.br\/v1\/wp-json\/wp\/v2\/users\/2"}],"replies":[{"embeddable":true,"href":"https:\/\/www.r2cpress.com.br\/v1\/wp-json\/wp\/v2\/comments?post=70131"}],"version-history":[{"count":7,"href":"https:\/\/www.r2cpress.com.br\/v1\/wp-json\/wp\/v2\/posts\/70131\/revisions"}],"predecessor-version":[{"id":70138,"href":"https:\/\/www.r2cpress.com.br\/v1\/wp-json\/wp\/v2\/posts\/70131\/revisions\/70138"}],"wp:attachment":[{"href":"https:\/\/www.r2cpress.com.br\/v1\/wp-json\/wp\/v2\/media?parent=70131"}],"wp:term":[{"taxonomy":"category","embeddable":true,"href":"https:\/\/www.r2cpress.com.br\/v1\/wp-json\/wp\/v2\/categories?post=70131"},{"taxonomy":"post_tag","embeddable":true,"href":"https:\/\/www.r2cpress.com.br\/v1\/wp-json\/wp\/v2\/tags?post=70131"}],"curies":[{"name":"wp","href":"https:\/\/api.w.org\/{rel}","templated":true}]}}