{"id":70171,"date":"2013-08-12T15:19:21","date_gmt":"2013-08-12T18:19:21","guid":{"rendered":"http:\/\/www.r2cpress.com.br\/v1\/?p=70171"},"modified":"2013-08-12T15:19:21","modified_gmt":"2013-08-12T18:19:21","slug":"cinema-danca-e-teatro-integram-atracoes-da-semana-na-tenda-do-tpi","status":"publish","type":"post","link":"https:\/\/www.r2cpress.com.br\/v1\/2013\/08\/12\/cinema-danca-e-teatro-integram-atracoes-da-semana-na-tenda-do-tpi\/","title":{"rendered":"Cinema, dan\u00e7a e teatro integram  atra\u00e7\u00f5es da semana na Tenda do TPI"},"content":{"rendered":"<p>            Esta ser\u00e1 uma semana ecl\u00e9tica na Tenda do Teatro Popular de Ilh\u00e9us (TPI). Nesta ter\u00e7a-feira (13) \u00e0s 19 horas, o Cineclube \u00c9quio Reis exibe v\u00eddeos dos alunos do Curso de Comunica\u00e7\u00e3o da Universidade Estadual de Santa Cruz (Uesc), com entrada franca. O projeto de interc\u00e2mbio de dan\u00e7a Chamgement d\u00e1 in\u00edcio \u00e0 sua segunda edi\u00e7\u00e3o nesta quarta-feira (14). A partir das 17 horas, o foco das atividades ser\u00e1 a Dan\u00e7a de Sal\u00e3o. E, de quinta-fera a s\u00e1bado (15 a 17), estar\u00e1 em cartaz a \u00f3pera afro-rock 1789, sempre \u00e0s 20 horas.<br \/>\n<div id=\"attachment_70172\" style=\"width: 610px\" class=\"wp-caption aligncenter\"><a href=\"http:\/\/www.r2cpress.com.br\/v1\/wp-content\/uploads\/1789-foto-Fl\u00e1vio-Rebou\u00e7as-2.jpg\"><img aria-describedby=\"caption-attachment-70172\" loading=\"lazy\" src=\"http:\/\/www.r2cpress.com.br\/v1\/wp-content\/uploads\/1789-foto-Fl\u00e1vio-Rebou\u00e7as-2.jpg\" alt=\"Foto: Fl\u00e1vio Rebou\u00e7as\" width=\"600\" height=\"399\" class=\"size-full wp-image-70172\" srcset=\"https:\/\/www.r2cpress.com.br\/v1\/wp-content\/uploads\/1789-foto-Fl\u00e1vio-Rebou\u00e7as-2.jpg 600w, https:\/\/www.r2cpress.com.br\/v1\/wp-content\/uploads\/1789-foto-Fl\u00e1vio-Rebou\u00e7as-2-300x199.jpg 300w\" sizes=\"(max-width: 600px) 100vw, 600px\" \/><\/a><p id=\"caption-attachment-70172\" class=\"wp-caption-text\">Foto: Fl\u00e1vio Rebou\u00e7as<\/p><\/div><br \/>\n            O Cineclube \u00c9quio Reis exibir\u00e1 o curta-metragem de fic\u00e7\u00e3o Brainstorm, dirigido por Mel Andrade. Em seguida, ser\u00e3o projetados cinco v\u00eddeos minuto: Celebra\u00e7\u00e3o da Carne, O Escravo do Amor, Evolu\u00e7\u00e3o do Prazer Feminino, La Divina Proporcione e Quem eu quero n\u00e3o me quer. O projeto gratuito \u00e9 uma iniciativa do N\u00facleo de Produ\u00e7\u00e3o Audiovisual do TPI em parceria com a Uesc e acontece uma vez por semana.<\/p>\n<p>            A segunda edi\u00e7\u00e3o do Chamgement segue promovendo a troca de experi\u00eancias e ideias entre dan\u00e7arinos, bailarinos e core\u00f3grafos da regi\u00e3o. No dia 14, os professores Marcelinho e Jamille Marques dar\u00e3o aulas de tango e bolero. E, no dia 21, tamb\u00e9m \u00e0s 17 horas, o professor Alessandro Garcia passar\u00e1 orienta\u00e7\u00f5es sobre o samba de gafieira. Ao final, haver\u00e1 mostra coreogr\u00e1fica com os resultados dos encontros. A taxa de inscri\u00e7\u00e3o custa R$ 10 e os participantes receber\u00e3o certificado. A iniciativa \u00e9 do N\u00facleo de Dan\u00e7a do Teatro Popular de Ilh\u00e9us.<\/p>\n<p>            Depois de ficar todo o m\u00eas de julho em cartaz, o espet\u00e1culo 1789 volta como parte da celebra\u00e7\u00e3o dos 18 anos do Teatro Popular de Ilh\u00e9us. A montagem conta a hist\u00f3ria do levante dos escravos do Engenho de Santana, ocorrida no final do s\u00e9culo XVIII, em Ilh\u00e9us. Al\u00e9m de tratar do fato hist\u00f3rico, a pe\u00e7a fala sobre a necessidade de o povo se apropriar e ser capaz de gerenciar as riquezas que produz. O texto e dire\u00e7\u00e3o s\u00e3o de Romualdo Lisboa e as entradas custam R$ 20 e R$ 10.<\/p>\n<p>            Quem desejar pagar meia-entrada por um ano em todos os espet\u00e1culos da Tenda do Teatro Popular de Ilh\u00e9us e ainda ter descontos em cursos e oficinas, pode fazer o Cart\u00e3o TPI.  Basta preencher um cadastro com dados pessoais e pagar uma taxa de R$ 15. Mais informa\u00e7\u00f5es no local ou pelo telefone (73) 4102-0580.<\/p>\n","protected":false},"excerpt":{"rendered":"<p>Esta ser\u00e1 uma semana ecl\u00e9tica na Tenda do Teatro Popular de Ilh\u00e9us (TPI). Nesta ter\u00e7a-feira (13) \u00e0s 19 horas, o Cineclube \u00c9quio Reis exibe v\u00eddeos dos alunos do Curso de Comunica\u00e7\u00e3o da Universidade Estadual de Santa Cruz (Uesc), com entrada franca. O projeto de interc\u00e2mbio de dan\u00e7a Chamgement d\u00e1 in\u00edcio \u00e0 sua segunda edi\u00e7\u00e3o nesta [&hellip;]<\/p>\n","protected":false},"author":2,"featured_media":0,"comment_status":"open","ping_status":"open","sticky":false,"template":"","format":"standard","meta":{"_links_to":"","_links_to_target":""},"categories":[5],"tags":[],"_links":{"self":[{"href":"https:\/\/www.r2cpress.com.br\/v1\/wp-json\/wp\/v2\/posts\/70171"}],"collection":[{"href":"https:\/\/www.r2cpress.com.br\/v1\/wp-json\/wp\/v2\/posts"}],"about":[{"href":"https:\/\/www.r2cpress.com.br\/v1\/wp-json\/wp\/v2\/types\/post"}],"author":[{"embeddable":true,"href":"https:\/\/www.r2cpress.com.br\/v1\/wp-json\/wp\/v2\/users\/2"}],"replies":[{"embeddable":true,"href":"https:\/\/www.r2cpress.com.br\/v1\/wp-json\/wp\/v2\/comments?post=70171"}],"version-history":[{"count":2,"href":"https:\/\/www.r2cpress.com.br\/v1\/wp-json\/wp\/v2\/posts\/70171\/revisions"}],"predecessor-version":[{"id":70174,"href":"https:\/\/www.r2cpress.com.br\/v1\/wp-json\/wp\/v2\/posts\/70171\/revisions\/70174"}],"wp:attachment":[{"href":"https:\/\/www.r2cpress.com.br\/v1\/wp-json\/wp\/v2\/media?parent=70171"}],"wp:term":[{"taxonomy":"category","embeddable":true,"href":"https:\/\/www.r2cpress.com.br\/v1\/wp-json\/wp\/v2\/categories?post=70171"},{"taxonomy":"post_tag","embeddable":true,"href":"https:\/\/www.r2cpress.com.br\/v1\/wp-json\/wp\/v2\/tags?post=70171"}],"curies":[{"name":"wp","href":"https:\/\/api.w.org\/{rel}","templated":true}]}}