{"id":7031,"date":"2011-01-20T19:08:42","date_gmt":"2011-01-20T22:08:42","guid":{"rendered":"http:\/\/www.r2cpress.com.br\/v1\/?p=7031"},"modified":"2011-01-20T19:08:42","modified_gmt":"2011-01-20T22:08:42","slug":"o-desgaste-do-gestor-publico-1","status":"publish","type":"post","link":"https:\/\/www.r2cpress.com.br\/v1\/2011\/01\/20\/o-desgaste-do-gestor-publico-1\/","title":{"rendered":"O DESGASTE DO GESTOR P\u00daBLICO (1)"},"content":{"rendered":"<p><img align = \"left\" src = \"http:\/\/www.r2cpress.com.br\/v1\/wp-content\/uploads\/ze-carlos-junior-para-novo-site.jpg\"\/>Na manh\u00e3 desta quinta-feira conversei com diversas pessoas nas ruas da nossa cidade.<\/p>\n<p>Conversei com um vereador, com um assessor da c\u00e2mara, com um engenheiro civil, com dois empres\u00e1rios, com um jornalista e a conversa sempre rolava sobre os equ\u00edvocos por que passa a nossa cidade, no campo pol\u00edtico e na gest\u00e3o municipal.<\/p>\n<p>Foi uma manh\u00e3 rica, pois a conversa envolveu classes sociais distintas e todos com a mesma preocupa\u00e7\u00e3o, ainda bem.<\/p>\n<p>No meu modesto entendimento, os projetos da nova ponte, intermodal, ZPE, porto pesqueiro, duplica\u00e7\u00e3o da rodovia Ilh\u00e9us\/Itabuna, s\u00e3o empreendimentos em n\u00edvel de estado e governo federal e n\u00e3o desgastam a gest\u00e3o do prefeito de Ilh\u00e9us.<\/p>\n<p><!--more--><\/p>\n<p>O que realmente desgasta o nosso Gestor P\u00fablico, levando-o a um descontentamento preocupante, \u00e9 a limpeza p\u00fablica, \u00e9 a escandalosa reforma da Rua S\u00e1 Oliveira, a intermin\u00e1vel discuss\u00e3o em torno da reforma da Pra\u00e7a Rui Barbosa, o empreguismo, as den\u00fancias de m\u00e1 aplica\u00e7\u00e3o de recursos p\u00fablicos, o que foi feito dos dez milh\u00f5es de reais, o estado da central de abastecimento, a doen\u00e7a que n\u00e3o quer sarar na Secretaria de Sa\u00fade P\u00fablica, a situa\u00e7\u00e3o dos diversos bairros e periferia, isto sim, provocam um desgaste pol\u00edtico\/administrativo ao nosso Gestor P\u00fablico, com a tend\u00eancia de se avolumar cada vez mais.<\/p>\n<p>O pessoal da sa\u00fade p\u00fablica tem uma d\u00edvida impag\u00e1vel para com o povo ilheense, um dia ser\u00e1 cobrado em dobro essa d\u00edvida, j\u00e1 foram feitas catorze tentativas pra resolver a pendenga e at\u00e9 agora o c\u00e2ncer s\u00f3 aumenta de tamanho.<\/p>\n<p>Ainda restam dois anos e muita coisa poderia ser feita pra reverter esta situa\u00e7\u00e3o e me arrisco a continuar confiando numa reviravolta, num murro em cima da mesa, espalhando pap\u00e9is e gente pra todos os lados, seria um novo come\u00e7o, mesmo que tardio.<\/p>\n<p><b>Z\u00c9CARLOS JUNIOR<\/b><\/p>\n","protected":false},"excerpt":{"rendered":"<p>Na manh\u00e3 desta quinta-feira conversei com diversas pessoas nas ruas da nossa cidade. Conversei com um vereador, com um assessor da c\u00e2mara, com um engenheiro civil, com dois empres\u00e1rios, com um jornalista e a conversa sempre rolava sobre os equ\u00edvocos por que passa a nossa cidade, no campo pol\u00edtico e na gest\u00e3o municipal. Foi uma [&hellip;]<\/p>\n","protected":false},"author":2,"featured_media":0,"comment_status":"open","ping_status":"open","sticky":false,"template":"","format":"standard","meta":{"_links_to":"","_links_to_target":""},"categories":[10],"tags":[],"_links":{"self":[{"href":"https:\/\/www.r2cpress.com.br\/v1\/wp-json\/wp\/v2\/posts\/7031"}],"collection":[{"href":"https:\/\/www.r2cpress.com.br\/v1\/wp-json\/wp\/v2\/posts"}],"about":[{"href":"https:\/\/www.r2cpress.com.br\/v1\/wp-json\/wp\/v2\/types\/post"}],"author":[{"embeddable":true,"href":"https:\/\/www.r2cpress.com.br\/v1\/wp-json\/wp\/v2\/users\/2"}],"replies":[{"embeddable":true,"href":"https:\/\/www.r2cpress.com.br\/v1\/wp-json\/wp\/v2\/comments?post=7031"}],"version-history":[{"count":2,"href":"https:\/\/www.r2cpress.com.br\/v1\/wp-json\/wp\/v2\/posts\/7031\/revisions"}],"predecessor-version":[{"id":7033,"href":"https:\/\/www.r2cpress.com.br\/v1\/wp-json\/wp\/v2\/posts\/7031\/revisions\/7033"}],"wp:attachment":[{"href":"https:\/\/www.r2cpress.com.br\/v1\/wp-json\/wp\/v2\/media?parent=7031"}],"wp:term":[{"taxonomy":"category","embeddable":true,"href":"https:\/\/www.r2cpress.com.br\/v1\/wp-json\/wp\/v2\/categories?post=7031"},{"taxonomy":"post_tag","embeddable":true,"href":"https:\/\/www.r2cpress.com.br\/v1\/wp-json\/wp\/v2\/tags?post=7031"}],"curies":[{"name":"wp","href":"https:\/\/api.w.org\/{rel}","templated":true}]}}