{"id":70356,"date":"2013-08-16T11:18:21","date_gmt":"2013-08-16T14:18:21","guid":{"rendered":"http:\/\/www.r2cpress.com.br\/v1\/?p=70356"},"modified":"2013-08-16T21:00:43","modified_gmt":"2013-08-17T00:00:43","slug":"a-situacao-atual-em-ilheus","status":"publish","type":"post","link":"https:\/\/www.r2cpress.com.br\/v1\/2013\/08\/16\/a-situacao-atual-em-ilheus\/","title":{"rendered":"A SITUA\u00c7\u00c3O ATUAL EM ILH\u00c9US"},"content":{"rendered":"<p>Meu Amigo Rabat:<\/p>\n<p>Desde 2003, leio, comento e at\u00e9 tenho escrito alguns textos, que voc\u00ea gentilmente tem publicado no R2CPRESS, que \u00e9 o pioneiro da nossa blogosfera e tem prestado inestim\u00e1veis servi\u00e7os a Ilh\u00e9us e toda a nossa Regi\u00e3o.<\/p>\n<p>Ultimamente, por raz\u00f5es pessoais\/profissionais tenho escrito com menor frequ\u00eancia, mas acompanho diariamente o que voc\u00ea publica.<\/p>\n<p>Para o meu espanto, apesar de Ilh\u00e9us estar vivendo h\u00e1 alguns dias, problemas de grande gravidade, n\u00e3o tive a oportunidade de conhecer a sua opini\u00e3o, sempre abalizada sobre tudo o que vem acontecendo na nossa Cidade.<\/p>\n<p>Tenho certeza de que n\u00e3o s\u00f3 eu, mas todos os seus amigos e leitores gostariam de conhecer a sua opini\u00e3o sobre tudo isto que acontece em Ilh\u00e9us.<\/p>\n<p>Como eu amigo, cobro-lhe uma an\u00e1lise da situa\u00e7\u00e3o atual da nossa cidade, como s\u00f3 voc\u00ea sabe fazer.<\/p>\n<p>Estamos esperando.<\/p>\n<p>Carlos da Silva Mascarenhas<br \/>\ncarlos.consultic@gmail.com<br \/>\n73 8874-2607<\/p>\n<p>&#8212;&#8212;&#8212;&#8212;&#8212;&#8212;&#8212;&#8212;&#8212;&#8212;&#8212;&#8211;<\/p>\n<p>Ol\u00e1, Masca<\/p>\n<p>Paz e Luz!<\/p>\n<p>&#8212;<\/p>\n<p>No in\u00edcio eu fiz v\u00e1rias postagens do movimento. Foi quando a sociedade brasileira deu um grito de \u201cBASTA\u201d. Foi um momento \u00edmpar vez que a indigna\u00e7\u00e3o brotou da alma do povo.\u00a0 Observe, Masca, que at\u00e9 os pol\u00edticos acostumados a \u201cdriblar\u201d manifesta\u00e7\u00f5es tremeram nas bases e recuaram. Prova maior disso foi uma enxurrada de aprova\u00e7\u00f5es e retifica\u00e7\u00f5es de atos pol\u00edticos principalmente no Congresso Nacional. Em Ilh\u00e9us, por ser Brasil, n\u00e3o poderia ser diferente. Naquele momento, declara\u00e7\u00e3o aberta de indigna\u00e7\u00e3o\/civismo\/cidadania mostrava, claramente, que far\u00edamos exercer o nosso \u201cmando de campo\u201d.\u00a0 Posso at\u00e9 estar enganado (aceito contesta\u00e7\u00e3o), mas, ERRARAM feio quando permitiram que \u201cestrelos\/pongueiros\u201d entrassem no \u201ccertame\u201d &#8211; sabe l\u00e1 Deus pelas m\u00e3os de quem &#8211; e assim eu recuei. <b><i><span style=\"text-decoration: underline;\">Desculpe, Masca, mas n\u00e3o costumo bater palma pra puta dan\u00e7ar.<\/span><\/i><\/b> O movimento, por conta dessa inger\u00eancia, perdeu for\u00e7a, ficou feio e a popula\u00e7\u00e3o recuou. Arregimentar \u201cmanifestantes\u201d \u00e9 coisa f\u00e1cil. Dif\u00edcil \u00e9 manter a chama da pureza de prop\u00f3sitos. \u00c9 evidente que n\u00e3o citarei nomes, mas, corra os olhos por dentro desse at\u00e9 ent\u00e3o contagiante MOVIMENTO e compare com os \u00faltimos dias. N\u00e3o vou falar em baderneiros, v\u00e2ndalos e similares porque sabemos de onde e por quem s\u00e3o comandados. Refiro-me ao cont\u00e1gio, alegria, espontaneidade, querer, desejar&#8230; TER. Isso deixou de existir por uma raz\u00e3o muito simples: os \u201csalvadores\/negociadores\u201d n\u00e3o t\u00eam respaldo moral nem, muito menos, representatividade para, nessas a\u00e7\u00f5es, fecharmos os olhos e segui-los. Falta, querido, CREDIBILIDADE. O movimento est\u00e1 minado e enfraquecido. Repito. O movimento era do povo e n\u00e3o de raposas felpudas \u00a0que viram na ingenuidade dos meninos uma fonte inesgot\u00e1vel de dividendos (entre os meninos) porque para os mais experientes essas \u201cviciadas figuras\u201d n\u00e3o apitam nem, muito menos, servem de REFERENCIAL (somente na parte podre da pol\u00edtica).<\/p>\n<p>Conhe\u00e7o um pouco dessa mat\u00e9ria. N\u00e3o vou me alongar. Corro o risco de mudar o rumo da prosa, desse bate-papo com voc\u00ea que, puxando pela mem\u00f3ria, dever\u00e1 lembrar como ag\u00edamos \u00a0num passado que somente o fato de surgir na mente a lembran\u00e7a faz o sangue ferver &#8230; Nem de longe, Masca, esse movimento se assemelha aos que vivemos e vivenciamos.<\/p>\n<p>Seria interessante se os \u201ccabe\u00e7as\u201d desse movimento (de hoje) fizesse uma pesquisa com aqueles que ficam horas e horas dentro de um \u00f4nibus esperando a boa vontade dos \u201cmanifestantes\u201d deixarem que cheguem em casa depois de um dia de c\u00e3o no trabalho, na labuta pela sobreviv\u00eancia dele e da fam\u00edlia. Pergunte para a fam\u00edlia de um doente que esteja esperando uma ambul\u00e2ncia do SAMU para conduzir um ente querido para o hospital sem conseguir porque, simplesmente, fecharam os caminhos em nome de uma VIT\u00d3RIA COLETIVA&#8230; Observe, tamb\u00e9m, como a idade dos manifestantes vai sendo reduzida na mesma propor\u00e7\u00e3o que o tempo passa. Por exemplo: Qual a m\u00e9dia de idade, HOJE, dos manifestantes acampados na porta da Prefeitura? Siga nessa linha que voc\u00ea vai entender.<\/p>\n<p>Por isso e mais uma infinidade de motivos permanecerei aqui, no meu canto, pedindo a DEUS que d\u00ea ju\u00edzo e mostre o caminho para os meninos e que eles DESCUBRAM logo que esses conselheiros OPORTUNISTA e de conversa f\u00e1cil, devem ser banidos desse e de qualquer outro movimento que signifique reuni\u00e3o, movimenta\u00e7\u00e3o, manifesta\u00e7\u00e3o pelo bem da minha\/nossa cidade.<\/p>\n<p>Lugar de ludibriadores, enganadores, \u201cengodeiros\u201d mentirosos e APROVEITADORES da boa f\u00e9 (principalmente dos meninos) \u00e9 no INFERNO.<\/p>\n<p><b>Que esses \u201cpolitiqueiros\u201d queimem espetados no tridente do diabo.<\/b><\/p>\n<p><b>\u00c9 dessa maneira que estou vendo esse movimento. Da\u00ed o meu sil\u00eancio.<\/b><\/p>\n<p>Grande e fraternal abra\u00e7o e fique com <b><span style=\"text-decoration: underline;\">DEUS<\/span><\/b> (Sempre!).<\/p>\n<p>Rabat.<\/p>\n","protected":false},"excerpt":{"rendered":"<p>Meu Amigo Rabat: Desde 2003, leio, comento e at\u00e9 tenho escrito alguns textos, que voc\u00ea gentilmente tem publicado no R2CPRESS, que \u00e9 o pioneiro da nossa blogosfera e tem prestado inestim\u00e1veis servi\u00e7os a Ilh\u00e9us e toda a nossa Regi\u00e3o. Ultimamente, por raz\u00f5es pessoais\/profissionais tenho escrito com menor frequ\u00eancia, mas acompanho diariamente o que voc\u00ea publica. [&hellip;]<\/p>\n","protected":false},"author":2,"featured_media":0,"comment_status":"open","ping_status":"open","sticky":false,"template":"","format":"standard","meta":{"_links_to":"","_links_to_target":""},"categories":[10],"tags":[],"_links":{"self":[{"href":"https:\/\/www.r2cpress.com.br\/v1\/wp-json\/wp\/v2\/posts\/70356"}],"collection":[{"href":"https:\/\/www.r2cpress.com.br\/v1\/wp-json\/wp\/v2\/posts"}],"about":[{"href":"https:\/\/www.r2cpress.com.br\/v1\/wp-json\/wp\/v2\/types\/post"}],"author":[{"embeddable":true,"href":"https:\/\/www.r2cpress.com.br\/v1\/wp-json\/wp\/v2\/users\/2"}],"replies":[{"embeddable":true,"href":"https:\/\/www.r2cpress.com.br\/v1\/wp-json\/wp\/v2\/comments?post=70356"}],"version-history":[{"count":5,"href":"https:\/\/www.r2cpress.com.br\/v1\/wp-json\/wp\/v2\/posts\/70356\/revisions"}],"predecessor-version":[{"id":70359,"href":"https:\/\/www.r2cpress.com.br\/v1\/wp-json\/wp\/v2\/posts\/70356\/revisions\/70359"}],"wp:attachment":[{"href":"https:\/\/www.r2cpress.com.br\/v1\/wp-json\/wp\/v2\/media?parent=70356"}],"wp:term":[{"taxonomy":"category","embeddable":true,"href":"https:\/\/www.r2cpress.com.br\/v1\/wp-json\/wp\/v2\/categories?post=70356"},{"taxonomy":"post_tag","embeddable":true,"href":"https:\/\/www.r2cpress.com.br\/v1\/wp-json\/wp\/v2\/tags?post=70356"}],"curies":[{"name":"wp","href":"https:\/\/api.w.org\/{rel}","templated":true}]}}