{"id":70386,"date":"2013-08-16T20:47:49","date_gmt":"2013-08-16T23:47:49","guid":{"rendered":"http:\/\/www.r2cpress.com.br\/v1\/?p=70386"},"modified":"2013-08-16T20:47:49","modified_gmt":"2013-08-16T23:47:49","slug":"prefeitura-de-ilheus-21","status":"publish","type":"post","link":"https:\/\/www.r2cpress.com.br\/v1\/2013\/08\/16\/prefeitura-de-ilheus-21\/","title":{"rendered":"Prefeitura de Ilh\u00e9us"},"content":{"rendered":"<p><center><strong>MPT tamb\u00e9m nega reintegra\u00e7\u00e3o dos servidores afastados em Ilh\u00e9us<br \/>\nPrefeito diz que mutir\u00f5es democratizam presta\u00e7\u00e3o de servi\u00e7os<br \/>\nMutir\u00f5es facilitam acesso de ilheenses a servi\u00e7os p\u00fablicos<br \/>\nPrefeito prestigia missa solene pela Padroeira de Ilh\u00e9us<br \/>\nPalestra vai detalhar em Ilh\u00e9us os principais benef\u00edcios da Lei Geral das Microempresas<br \/>\nOficina de valoriza\u00e7\u00e3o profissional do CAU\/BA chega a Ilh\u00e9us<br \/>\nPrograma oferece atendimento de sa\u00fade domiciliar em Ilh\u00e9us<\/strong><\/center><\/p>\n<p><!--more--><\/p>\n<p>***<\/p>\n<p><strong>MPT tamb\u00e9m nega reintegra\u00e7\u00e3o dos servidores afastados em Ilh\u00e9us<\/strong><\/p>\n<p><em>O Minist\u00e9rio P\u00fablico do Trabalho tomou decis\u00e3o semelhante ao Tribunal de Justi\u00e7a da Bahia e entende\t que os servidores afastados n\u00e3o devem retomar os postos de trabalho.<\/em><\/p>\n<p>Segundo o Procurador Geral do Munic\u00edpio, Ot\u00e1vio Augustus Carmo, o Minist\u00e9rio P\u00fablico do Trabalho (MPT) negou reintegra\u00e7\u00e3o dos servidores afastados. A decis\u00e3o \u00e9 semelhante a acatada pelo Tribunal de Justi\u00e7a da Bahia (TJB), por decis\u00e3o un\u00e2nime, na \u00faltima quarta-feira, dia 14. Conforme informou o procurador, nesta sexta-feira, dia 16, \u201cem a\u00e7\u00e3o civil p\u00fablica, movida pelo MPT, perante a 1\u00aa Vara C\u00edvel de Ilh\u00e9us, visando as declara\u00e7\u00f5es de nulidade do decreto 006\/2013, que declarou a nulidade das contra\u00e7\u00f5es dos concursados realizada nos \u00faltimos seis meses da administra\u00e7\u00e3o anterior e quando expedido o limite de gasto com pessoal previsto pela Lei de Responsabilidade Fiscal (LRF), a ju\u00edza negou a liminar requerida e abriu vistas ao MPT e \u00e0 Associa\u00e7\u00e3o dos Profissionais Professores de Ilh\u00e9us (APPI), para se manifestar sobre alega\u00e7\u00e3o do munic\u00edpio\u201d. <\/p>\n<p><strong>Prefeito diz que mutir\u00f5es democratizam presta\u00e7\u00e3o de servi\u00e7os<\/strong><\/p>\n<p><em>Para o prefeito de Ilh\u00e9us, Jabes Ribeiro, a promo\u00e7\u00e3o de mutir\u00f5es nos bairros da cidade \u00e9 mais uma forma de democratiza\u00e7\u00e3o dos servi\u00e7os de sa\u00fade e de assist\u00eancia social.<\/em><\/p>\n<p>O prefeito de Ilh\u00e9us, Jabes Ribeiro, participou na manh\u00e3 desta sexta-feira, dia 16, do mutir\u00e3o realizado no Bairro de Oliven\u00e7a, promovido pelas secretarias de Desenvolvimento Social (SDS) e de Sa\u00fade (Sesau). O prefeito visitou as instala\u00e7\u00f5es do Centro de Refer\u00eancia de Assist\u00eancia Social (Cras) e das unidades municipais de sa\u00fade e educa\u00e7\u00e3o do bairro, verificando a qualidade dos servi\u00e7os prestados \u00e0 popula\u00e7\u00e3o.<\/p>\n<p>Jabes Ribeiro, acompanhado do secretario de Desenvolvimento Social, Jamil Ock\u00e9, conversou com moradores e com os servidores do munic\u00edpio que participavam da opera\u00e7\u00e3o. \u201cOrganizar a\u00e7\u00f5es onde a popula\u00e7\u00e3o possa ter acesso a v\u00e1rios servi\u00e7os \u00e9 uma iniciativa de democratiza\u00e7\u00e3o\u201d, destaca o prefeito. \u201cNesses mutir\u00f5es, que estamos promovendo nos bairros de Ilh\u00e9us, o cidad\u00e3o tem mais uma op\u00e7\u00e3o para fazer consultas m\u00e9dicas, se cadastrar em programas sociais e ter acesso a informa\u00e7\u00f5es  sobre a aquisi\u00e7\u00e3o de benef\u00edcios\u201d, completa o prefeito.<\/p>\n<p>Na semana passada, Jabes Ribeiro participou do mutir\u00e3o no bairro do Banco da Vit\u00f3ria. \u201cEstamos sim, fazendo o poss\u00edvel para promover aos nossos mun\u00edcipes, melhores condi\u00e7\u00f5es de vida, afinal, estamos somando todos os esfor\u00e7os para salvar Ilh\u00e9us da crise que encontramos no in\u00edcio do ano\u201d, destacou.  <\/p>\n<p><strong>Mutir\u00f5es facilitam acesso de ilheenses a servi\u00e7os p\u00fablicos<\/strong><\/p>\n<p><em>Para Ros\u00e2ngela Calazans, moradora h\u00e1 15 anos do Bairro de Oliven\u00e7a, onde a Prefeitura realizou mutir\u00e3o, nesta sexta-feira, dia 16, a a\u00e7\u00e3o \u00e9 de extrema import\u00e2ncia por reunir servi\u00e7os p\u00fablicos. <\/em><\/p>\n<p>Na manh\u00e3 desta sexta-feira, dia 16, Rosangela Nascimento, moradora da Est\u00e2ncia Hidromineral de Oliven\u00e7a,h\u00e1 15 anos, fez sua inscri\u00e7\u00e3o no Balc\u00e3o de Emprego, servi\u00e7o da Secretaria Municipal de Desenvolvimento Social (SDS) de intermedia\u00e7\u00e3o da m\u00e3o de obra entre cidad\u00e3os e empresas. O cadastro ocorreu durante o mutir\u00e3o promovido pela Prefeitura de Ilh\u00e9us, que leva servi\u00e7os de sa\u00fade e de assist\u00eancia social aos bairros do munic\u00edpio. \u201cA a\u00e7\u00e3o \u00e9 muito \u00fatil para pessoas que, assim como eu, moram distantes de onde esses servi\u00e7os se encontram e que, muitas vezes, n\u00e3o t\u00eam o recurso financeiro para ir at\u00e9 os mesmo\u201d, atestaa moradora.<\/p>\n<p>Assim como ela, v\u00e1rios cidad\u00e3os que residem em Oliven\u00e7a tiveram acesso a servi\u00e7os p\u00fablicos de qualidade, em uma a\u00e7\u00e3o conjunta da SDS e da Secretaria Municipal de Sa\u00fade (Sesau), no per\u00edodo das 8 \u00e0s 14 horas. O mutir\u00e3o foi realizado no Centro de Refer\u00eancia de Assist\u00eancia Social (Cras) e nas unidades municipais de sa\u00fade e educa\u00e7\u00e3o do bairro.<\/p>\n<p>A popula\u00e7\u00e3o teve acesso a servi\u00e7os de avalia\u00e7\u00e3o oftalmol\u00f3gica, realizada pelo Centro de Olhos Especializado (CENOE), aferi\u00e7\u00e3o de press\u00e3o arterial, aplica\u00e7\u00e3o de vacinas, atendimento pedi\u00e1trico e ginecol\u00f3gico, avalia\u00e7\u00e3o nutricional, esclarecimentos sobre o combate \u00e0 dengue, pesagem de crian\u00e7as e adultos para alimenta\u00e7\u00e3o do Sistema de Vigil\u00e2ncia Alimentar e Nutricional (SISVAN) e consultas com cl\u00ednico geral.O mutir\u00e3o promoveu tamb\u00e9m atividades l\u00fadicas \u00e0s crian\u00e7as e adolescentes e corte de cabelo infantil, al\u00e9m de palestras educativas sobre higiene bucal para crian\u00e7as e adultos.<\/p>\n<p>Na \u00e1rea socioassistencial, foram ofertados os servi\u00e7os do programa Bolsa Fam\u00edlia com informa\u00e7\u00f5es sobre o programa, cadastramento e recadastramento e tamb\u00e9m desbloqueio de cart\u00f5es. A SDS realizou a distribui\u00e7\u00e3o do leite do Programa Nossa Sopa, atendimento do CrediBahia e concedeu orienta\u00e7\u00f5es sobre o Benef\u00edcio de Presta\u00e7\u00e3o Continuada (BPC). <\/p>\n<p>Os moradores tamb\u00e9m puderam cadastrar as crian\u00e7as e adolescentes no Programa de Erradica\u00e7\u00e3o do Trabalho Infantil (Peti), realizar inscri\u00e7\u00f5es no Balc\u00e3o de Emprego bem como cadastrar os jovens no Programa Nacional de Inclus\u00e3o de Jovens (Projovem). Ainda, foi poss\u00edvel obter informa\u00e7\u00f5es sobre o Programa Nacional de Acesso ao Ensino T\u00e9cnico e Emprego (Pronatec), pol\u00edticas habitacionais e sobre o atendimento no Centro de Refer\u00eancia de Assist\u00eancia Social (CRAS).<\/p>\n<p>Programa\u00e7\u00e3o \u2013 Os mutir\u00f5es est\u00e3o sendo realizados em v\u00e1rios bairros e distritos do munic\u00edpio e tem a finalidade de levar os servi\u00e7os sociais e de sa\u00fade para a popula\u00e7\u00e3o local.\u201cAinda ser\u00e3o realizados muitos mutir\u00f5es como este at\u00e9 o final do ano, pois o nosso intuito \u00e9 servir cada vez melhor a comunidade ilheense\u201d, destacou o titular da SDS, Jamil Ock\u00e9.<\/p>\n<p>Ainda em agosto,ser\u00e3o realizados mais dois mutir\u00f5es em Ilh\u00e9us. O pr\u00f3ximo na sexta-feira, dia 23, no Bairro Nossa Senhora da Vit\u00f3ria, e,no dia 30, na comunidade de Teot\u00f4nio Vilela, vai ocorrer o quarto mutir\u00e3o do m\u00eas. Em setembro, a programa\u00e7\u00e3o continua: na sexta-feira, 06\/09, o mutir\u00e3o estar\u00e1 no bairro do Malhado; dia 13\/09, os servi\u00e7os estar\u00e3o no conjunto habitacional Minha Casa Minha Vida. Na sexta-feira, 20\/09, o mutir\u00e3o ocorre no bairro do Nelson Costa e no dia 27\/09, na comunidade de Mamoan.<\/p>\n<p><strong>Prefeito prestigia missa solene pela Padroeira de Ilh\u00e9us<\/strong><\/p>\n<p><em>O prefeito e a primeira dama, Jabes e Adryana Ribeiro, participaram da missa de N. S. das Vit\u00f3rias, quinta-feira, 15, celebrada pelo p\u00e1roco geral, Ednilson Vilas Boas.<\/em><\/p>\n<p>O prefeito de Ilh\u00e9us, Jabes Ribeiro, acompanhado pela primeira dama Adryana Magalh\u00e3es, participou da missa solene comemorativa ao Dia de Nossa Senhora das Vit\u00f3rias, padroeira da cidade, quinta-feira, dia 15, celebrada pelo padre Ednilson Vilas Boas, p\u00e1roco geral de Ilh\u00e9us, \u00e0s 9h30min. As comemora\u00e7\u00f5es pela padroeira ilheense inclu\u00edram tamb\u00e9m missa \u00e0s 7 horas e prociss\u00e3o \u00e0s 16 horas, seguida da Ben\u00e7\u00e3o do Sant\u00edssimo Sacramento. <\/p>\n<p>O secret\u00e1rio municipal de Turismo, Alcides Kruschewsky, e o chefe de Gabinete, Victor da Veiga tamb\u00e9m compareceram \u00e0 missa solene. O tema central deste ano do noven\u00e1rio foi \u2018Professando a nossa f\u00e9, celebramos com Maria, a M\u00e3e das Vit\u00f3rias, o centen\u00e1rio da Diocese de Ilh\u00e9us\u2019. A novena teve in\u00edcio no \u00faltimo dia 6, com celebra\u00e7\u00f5es sempre \u00e0s 19 horas.<\/p>\n<p>Tradi\u00e7\u00e3o de f\u00e9 &#8211; O dia 15 de agosto \u00e9 comemorado pela tradi\u00e7\u00e3o cat\u00f3lica como o dia da Assun\u00e7\u00e3o de Maria, m\u00e3e de Jesus. A data \u00e9 feriado municipal em Ilh\u00e9us, em virtude da tradi\u00e7\u00e3o pela padroeira Nossa Senhora das Vit\u00f3rias. A igreja da padroeira da cidade foi constru\u00edda em 1905 e se constitui em um dos pontos tur\u00edsticos do Munic\u00edpio. Segundo alguns historiadores, como Borges de Barros (1981), \u201cpode-se afirmar que esta igreja representa um patrim\u00f4nio cultural de singular valor, pois traz toda uma lenda que envolve a f\u00e9 crist\u00e3 dos colonos portugueses \u00e0 \u00e9poca das invas\u00f5es francesa e holandesa no Brasil e uma tradi\u00e7\u00e3o de f\u00e9 que perdura at\u00e9 nossos dias.\u201d<\/p>\n<p><strong>Palestra vai detalhar em Ilh\u00e9us os principais benef\u00edcios da Lei Geral das Microempresas<\/strong><\/p>\n<p><em>O evento vai ocorrer na pr\u00f3xima ter\u00e7a-feira, dia 20, a partir das 14 horas, no audit\u00f3rio da Secretaria Municipal de Cultura.<\/em><\/p>\n<p>O advogado Andr\u00e9 Portela, especialista em compras governamentais, vai proferir na pr\u00f3xima ter\u00e7a-feira, dia 20, a partir das 14 horas, no audit\u00f3rio da Secretaria Municipal de Cultura (Secult), centro da cidade, uma palestra sobre as oportunidades de neg\u00f3cios para a microempresa e para os microempreendedores individuais de Ilh\u00e9us. Resultado de uma parceria entre o Servi\u00e7o Brasileiro de Apoio \u00e0s Micro e Pequenas Empresas (Sebrae) e a Secretaria Municipal de Ind\u00fastria e Com\u00e9rcio (Sedic), a palestra abordar\u00e1 outros benef\u00edcios da Lei Geral e do Simples Nacional.<\/p>\n<p>Um dos destaques da palestra, dirigida especialmente para os agentes p\u00fablicos de Ilh\u00e9us, \u00e9 a norma que estabelece que as licita\u00e7\u00f5es p\u00fablicas feitas nos munic\u00edpios com valor m\u00e1ximo de at\u00e9 R$ 80 mil devem dar prefer\u00eancia \u00e0s microempresas e microempreendedores individuais. \u201cNosso objetivo, ent\u00e3o, \u00e9 conscientizar os gestores p\u00fablicos que atuam na cidade para a import\u00e2ncia de acatar o que determina a legisla\u00e7\u00e3o visando o fortalecimento das microempresas, dos microempreendedores e da pr\u00f3pria economia local\u201d, enfatiza o vice-prefeito e secret\u00e1rio de Ind\u00fastria e Com\u00e9rcio de Ilh\u00e9us, Carlos Machado (Cac\u00e1).<\/p>\n<p>O agente de desenvolvimento da Prefeitura de Ilh\u00e9us, Roberto Garcia, por sua vez, ressalta que a a\u00e7\u00e3o acontece no bojo do processo de implanta\u00e7\u00e3o da Lei Geral, aprovada pela C\u00e2mara Municipal no ano de 2010. Ele lembra que o diploma foi institu\u00eddo em 2006 (Lei Complementar Federal 123\/2006) para regulamentar o disposto na Constitui\u00e7\u00e3o Brasileira, que prev\u00ea tratamento diferenciado e favorecido para a microempresa e empresa de pequeno porte. A Lei Geral tamb\u00e9m criou a figura do Microempreendedor Individual, que \u00e9 a pessoa que trabalha por conta pr\u00f3pria e se legaliza como pequeno empres\u00e1rio optante pelo Simples Nacional, com receita bruta anual de at\u00e9 R$ 60.000,00.<\/p>\n<p><strong>Oficina de valoriza\u00e7\u00e3o profissional do CAU\/BA chega a Ilh\u00e9us<\/strong><\/p>\n<p><em>O Conselho de Arquitetura e Urbanismo da Bahia vai promover debates sobre empreendedorismo, sistema de informa\u00e7\u00e3o do CAU e sobre o exerc\u00edcio da profiss\u00e3o.<\/em><\/p>\n<p>O Conselho de Arquitetura e Urbanismo da Bahia (CAU\/BA)volta \u00e0 cidade de Ilh\u00e9us com o Programa de Interioriza\u00e7\u00e3o para os profissionais da \u00e1rea            que atuam na regi\u00e3o.Destacando o tema \u2018Empreendedorismo\u2019,o encontro com os arquitetos e urbanistas ocorre no pr\u00f3ximo dia 22, das 8h30, \u00e0s 17 horas, no audit\u00f3rio doSebrae. \u201cO evento \u00e9 bem vindo ao nosso munic\u00edpio, afinal precisamos despertarnos profissionais ilheenses, a capacidade de abrir seu pr\u00f3prio neg\u00f3cio e, por isso, criamos o nosso Balc\u00e3o do Empreendedor justamente para oferecer o apoio necess\u00e1rio aos investidores\u201d, destaca o vice-prefeito e secret\u00e1rio de Ind\u00fastria e Com\u00e9rcio, Carlos Machado (Cac\u00e1).  <\/p>\n<p>N\u00e3o \u00e9 por acaso que o tema \u2018Empreendedorismo\u2019 foi escolhido pelo conselho. Segundo resultado do censo dos Arquitetos e Urbanistas do Brasil, divulgado recentemente, na Bahia, dos 2.582 profissionais que participaram da pesquisa, apenas 503 arquitetos e urbanistas trabalham como pessoa jur\u00eddica. Al\u00e9m disso, o CAU\/BA deve lan\u00e7ar nos pr\u00f3ximos meses o programa \u2018Arquiteto Empreendedor\u2019, como mais uma ferramenta da valoriza\u00e7\u00e3o profissional.<\/p>\n<p>Conforme dados do censo, no Nordeste s\u00e3o 10.162 profissionais de arquitetura e urbanismo. Na Bahia participaram da pesquisa 2.582, sendo que a maioria est\u00e1 na capital do Estado. Na regi\u00e3o de Ilh\u00e9us e Itabuna, s\u00e3o, aproximadamente, 200 arquitetos atuando no mercado. As oficinas j\u00e1 foram oferecidas aos profissionais dos munic\u00edpios de Feira de Santana, Porto Seguro, Teixeira de Freitas e Vit\u00f3ria da Conquista.<\/p>\n<p>Programa\u00e7\u00e3o \u2013 A programa\u00e7\u00e3o segue a mesma linha para todas as cidades do interior e da capital do Estado, come\u00e7ando com a palestra \u2018O Arquiteto Empreendedor \u2013 aspectos cont\u00e1beis e legais\u2019. Em seguida, os profissionais podem esclarecer d\u00favidas com a explana\u00e7\u00e3o do CAU sobre o Exerc\u00edcio Profissional e o que muda para os arquitetos e a sociedade com a cria\u00e7\u00e3o do Conselho espec\u00edfico para a categoria.<\/p>\n<p>Outra palestra que faz parte da programa\u00e7\u00e3o \u00e9 a \u2018Natureza Jur\u00eddica do CAU\u2019. Durante o evento o conselho, esclarecer\u00e1 d\u00favidas dos profissionais sobre as ferramentas e funcionalidades doSistema de Informa\u00e7\u00e3o e Comunica\u00e7\u00e3o do CAU (SICCAU).<\/p>\n<p>Na condi\u00e7\u00e3o de agente fomentador da valoriza\u00e7\u00e3o profissional, al\u00e9m das oficinas de interioriza\u00e7\u00e3o, o CAU\/BA, est\u00e1 implementando, igualmente, a\u00e7\u00f5es de sensibiliza\u00e7\u00e3o e de articula\u00e7\u00e3o com diversos \u00f3rg\u00e3os p\u00fablicos, visando firmar compromisso de Coopera\u00e7\u00e3o T\u00e9cnica com os munic\u00edpios.<\/p>\n<p>Na oportunidade, os profissionais que participarem do evento, assim como a imprensa e autoridades, v\u00e3o receber material de divulga\u00e7\u00e3o do resultado do censo, o primeiro realizado no Brasil para identificar a realidade dos profissionais de arquitetura e urbanismo no pa\u00eds.<\/p>\n<p><strong>Programa oferece atendimento de sa\u00fade domiciliar em Ilh\u00e9us<\/strong><\/p>\n<p><em>Atrav\u00e9s da parceria com o Programa Melhor em Casa, do governo Federal, a Prefeitura de Ilh\u00e9us oferece atendimento domiciliar a enfermos acamados ou com dificuldades de locomo\u00e7\u00e3o.<\/em><\/p>\n<p>O Programa Melhor em Casa, que oferece atendimento domiciliar a enfermos acamados ou com dificuldade de locomo\u00e7\u00e3o, beneficia atualmente 72 pessoas em Ilh\u00e9us. Fruto da parceria do munic\u00edpio com o Minist\u00e9rio da Sa\u00fade, o trabalho acontece de forma articulada com os hospitais e com as unidades de aten\u00e7\u00e3o b\u00e1sica. Al\u00e9m de disponibilizar um atendimento mais confort\u00e1vel para o paciente, o programa tamb\u00e9m contribui para reduzir a taxa de ocupa\u00e7\u00e3o dos leitos hospitalares e as pr\u00f3prias filas nas unidades de emerg\u00eancia.<\/p>\n<p>A coordena\u00e7\u00e3o do programa, em Ilh\u00e9us, \u00e9 realizada pelo n\u00facleo de Servi\u00e7o de Aten\u00e7\u00e3o Domiciliar (SAD), da Secretaria Municipal de Sa\u00fade (Sesau). Dois m\u00e9dicos, tr\u00eas fisioterapeutas, duas enfermeiras, quatro t\u00e9cnicos de enfermagem, uma psic\u00f3loga e dois nutricionistas comp\u00f5em a equipe do Melhor em Casa, no munic\u00edpio. Na maior parte dos casos, os pacientes atendidos pelo programa s\u00e3o pessoas com necessidade de reabilita\u00e7\u00e3o motora, pacientes cr\u00f4nicos sem agravamento ou pessoas que se encontram em situa\u00e7\u00e3o p\u00f3s-cir\u00fargica.<\/p>\n<p>De acordo com a coordenadora local do programa, Tatiana Leonardo, o cadastramento dos pacientes \u00e9 realizado atrav\u00e9s de demandas espont\u00e2neas ou por meio da aten\u00e7\u00e3o b\u00e1sica e dos hospitais do munic\u00edpio. \u201cAp\u00f3s essa fase, o primeiro contato domiciliar \u00e9 feito por um assistente social que analisa se o paciente atende ao perfil definido pelo programa. Em caso positivo, m\u00e9dicos e enfermeiros far\u00e3o uma avalia\u00e7\u00e3o cl\u00ednica, determinando, inclusive, quais profissionais de sa\u00fade passar\u00e3o a acompanhar o paciente\u201d, acrescenta Tatiana Leonardo.<\/p>\n<p>O atendimento \u00e0 popula\u00e7\u00e3o, prossegue a coordenadora do programa em Ilh\u00e9us, \u00e9 realizado de segunda a sexta-feira, em regime de 12 horas por dia. Al\u00e9m de receberem visitas regulares da equipe domiciliar, os pacientes passam a ser monitorados permanentemente. \u201cA freq\u00fc\u00eancia das visitas acontece de acordo com o estado cl\u00ednico e a avalia\u00e7\u00e3o de cada pessoa\u201d, ressalta Tatiana, destacando, ainda, a import\u00e2ncia da figura do cuidador, que pode ser ou n\u00e3o um membro da fam\u00edlia e que funciona como uma refer\u00eancia para a equipe do Melhor em Casa.<\/p>\n<p>Para participar do programa, al\u00e9m de atender ao perfil estabelecido pelo governo Federal e passar por uma avalia\u00e7\u00e3o cl\u00ednica, o paciente tamb\u00e9m precisa apresentar o cart\u00e3o do SUS e seus documentos pessoais. Outras informa\u00e7\u00f5es podem ser obtidas por meio do telefone 3234-3729, durante o hor\u00e1rio comercial.<\/p>\n<p>Atividades &#8211; Tatiana Leonardo informa, ainda, que o Programa Melhor em Casa tamb\u00e9m promove atividades em locais p\u00fablicos, palestras, semin\u00e1rios e capacita\u00e7\u00f5es em geral. \u201cNo pr\u00f3ximo dia 29, por exemplo, estaremos realizando na Central de Abastecimento do Malhado, das 8 \u00e0s 16 horas, um evento que abordar\u00e1 os principais aspectos da sa\u00fade do homem\u201d, adianta.<\/p>\n<p>Vantagens \u2013 Conforme informa\u00e7\u00f5es disponibilizadas no site do governo Federal (http:\/\/portalsaude.saude.gov.br\/), o Programa Melhor em Casa oferece diversas vantagens ao cidad\u00e3o. Uma delas \u00e9 a amplia\u00e7\u00e3o da assist\u00eancia do SUS a pacientes com agravamentos de sa\u00fade, que possam receber atendimento humanizado em casa e perto da fam\u00edlia. O governo federal tamb\u00e9m destaca o fato de que pacientes submetidos a cirurgias e que necessitam de recupera\u00e7\u00e3o podem ser atendidos nos seus lares, com redu\u00e7\u00e3o significativa dos riscos de infec\u00e7\u00e3o e contamina\u00e7\u00e3o. Al\u00e9m disso, estudos recentes apontam que o bem estar, carinho e aten\u00e7\u00e3o familiar, aliados \u00e0 adequada assist\u00eancia em sa\u00fade, s\u00e3o elementos importantes para a recupera\u00e7\u00e3o de doen\u00e7as.<\/p>\n<p>Segundo as considera\u00e7\u00f5es do governo Federal, o Programa \u2018Melhor em Casa\u2019 representa avan\u00e7os para a gest\u00e3o de todo o sistema p\u00fablico de sa\u00fade, j\u00e1 que ajuda a desocupar os leitos hospitalares, proporcionando um melhor atendimento e a regula\u00e7\u00e3o dos servi\u00e7os de urg\u00eancia. O Minist\u00e9rio da Sa\u00fade tamb\u00e9m chama aten\u00e7\u00e3o para uma estimativa do Departamento de Aten\u00e7\u00e3o B\u00e1sica e da Coordena\u00e7\u00e3o Geral de Gest\u00e3o Hospitalar, segundo a qual a implanta\u00e7\u00e3o da Aten\u00e7\u00e3o Domiciliar pode representar uma economia de at\u00e9 80% nos custos de um paciente, quando comparado ao custo desse mesmo paciente internado em um hospital.<\/p>\n","protected":false},"excerpt":{"rendered":"<p>MPT tamb\u00e9m nega reintegra\u00e7\u00e3o dos servidores afastados em Ilh\u00e9us Prefeito diz que mutir\u00f5es democratizam presta\u00e7\u00e3o de servi\u00e7os Mutir\u00f5es facilitam acesso de ilheenses a servi\u00e7os p\u00fablicos Prefeito prestigia missa solene pela Padroeira de Ilh\u00e9us Palestra vai detalhar em Ilh\u00e9us os principais benef\u00edcios da Lei Geral das Microempresas Oficina de valoriza\u00e7\u00e3o profissional do CAU\/BA chega a Ilh\u00e9us [&hellip;]<\/p>\n","protected":false},"author":2,"featured_media":0,"comment_status":"open","ping_status":"open","sticky":false,"template":"","format":"standard","meta":{"_links_to":"","_links_to_target":""},"categories":[23],"tags":[],"_links":{"self":[{"href":"https:\/\/www.r2cpress.com.br\/v1\/wp-json\/wp\/v2\/posts\/70386"}],"collection":[{"href":"https:\/\/www.r2cpress.com.br\/v1\/wp-json\/wp\/v2\/posts"}],"about":[{"href":"https:\/\/www.r2cpress.com.br\/v1\/wp-json\/wp\/v2\/types\/post"}],"author":[{"embeddable":true,"href":"https:\/\/www.r2cpress.com.br\/v1\/wp-json\/wp\/v2\/users\/2"}],"replies":[{"embeddable":true,"href":"https:\/\/www.r2cpress.com.br\/v1\/wp-json\/wp\/v2\/comments?post=70386"}],"version-history":[{"count":2,"href":"https:\/\/www.r2cpress.com.br\/v1\/wp-json\/wp\/v2\/posts\/70386\/revisions"}],"predecessor-version":[{"id":70388,"href":"https:\/\/www.r2cpress.com.br\/v1\/wp-json\/wp\/v2\/posts\/70386\/revisions\/70388"}],"wp:attachment":[{"href":"https:\/\/www.r2cpress.com.br\/v1\/wp-json\/wp\/v2\/media?parent=70386"}],"wp:term":[{"taxonomy":"category","embeddable":true,"href":"https:\/\/www.r2cpress.com.br\/v1\/wp-json\/wp\/v2\/categories?post=70386"},{"taxonomy":"post_tag","embeddable":true,"href":"https:\/\/www.r2cpress.com.br\/v1\/wp-json\/wp\/v2\/tags?post=70386"}],"curies":[{"name":"wp","href":"https:\/\/api.w.org\/{rel}","templated":true}]}}