{"id":70442,"date":"2013-08-19T14:53:52","date_gmt":"2013-08-19T17:53:52","guid":{"rendered":"http:\/\/www.r2cpress.com.br\/v1\/?p=70442"},"modified":"2013-08-19T14:53:52","modified_gmt":"2013-08-19T17:53:52","slug":"prefeitura-de-ilheus-analisa-proposta-dos-servidores","status":"publish","type":"post","link":"https:\/\/www.r2cpress.com.br\/v1\/2013\/08\/19\/prefeitura-de-ilheus-analisa-proposta-dos-servidores\/","title":{"rendered":"Prefeitura de Ilh\u00e9us analisa proposta dos servidores"},"content":{"rendered":"<p><em><strong>Em reuni\u00e3o nesta segunda-feira, dia 19, a Comiss\u00e3o Permanente de Negocia\u00e7\u00e3o afirmou aos sindicalistas que analisar\u00e1 a proposta da categoria de aplica\u00e7\u00e3o da revis\u00e3o salarial e do piso nacional dos professores.<\/strong><\/em><\/p>\n<div id=\"attachment_70443\" style=\"width: 610px\" class=\"wp-caption aligncenter\"><a href=\"http:\/\/www.r2cpress.com.br\/v1\/wp-content\/uploads\/Reuni\u00e3o-da-Comiss\u00e3o-Permanente-de-Negocia\u00e7\u00e3o-com-l\u00edderes-sindicais-na-manh\u00e3-desta-segunda-feira-19.08.13.-Foto-Gidelzo-Silva-Secom-Ilh\u00e9us-.jpg\"><img aria-describedby=\"caption-attachment-70443\" loading=\"lazy\" src=\"http:\/\/www.r2cpress.com.br\/v1\/wp-content\/uploads\/Reuni\u00e3o-da-Comiss\u00e3o-Permanente-de-Negocia\u00e7\u00e3o-com-l\u00edderes-sindicais-na-manh\u00e3-desta-segunda-feira-19.08.13.-Foto-Gidelzo-Silva-Secom-Ilh\u00e9us-.jpg\" alt=\"Reuni\u00e3o da Comiss\u00e3o Permanente de Negocia\u00e7\u00e3o com l\u00edderes sindicais, na manh\u00e3 desta segunda-feira, 19.08.13.  Foto Gidelzo Silva (Secom-Ilh\u00e9us ).\" width=\"600\" height=\"386\" class=\"size-full wp-image-70443\" srcset=\"https:\/\/www.r2cpress.com.br\/v1\/wp-content\/uploads\/Reuni\u00e3o-da-Comiss\u00e3o-Permanente-de-Negocia\u00e7\u00e3o-com-l\u00edderes-sindicais-na-manh\u00e3-desta-segunda-feira-19.08.13.-Foto-Gidelzo-Silva-Secom-Ilh\u00e9us-.jpg 600w, https:\/\/www.r2cpress.com.br\/v1\/wp-content\/uploads\/Reuni\u00e3o-da-Comiss\u00e3o-Permanente-de-Negocia\u00e7\u00e3o-com-l\u00edderes-sindicais-na-manh\u00e3-desta-segunda-feira-19.08.13.-Foto-Gidelzo-Silva-Secom-Ilh\u00e9us--300x193.jpg 300w\" sizes=\"(max-width: 600px) 100vw, 600px\" \/><\/a><p id=\"caption-attachment-70443\" class=\"wp-caption-text\">Reuni\u00e3o da Comiss\u00e3o Permanente de Negocia\u00e7\u00e3o com l\u00edderes sindicais, na manh\u00e3 desta segunda-feira, 19.08.13.  Foto Gidelzo Silva (Secom-Ilh\u00e9us ).<\/p><\/div>\n<p>            Com o objetivo de acabar com a greve dos servidores municipais de Ilh\u00e9us, a comiss\u00e3o permanente de negocia\u00e7\u00e3o da Prefeitura Municipal, reuniu-se mais uma vez com os l\u00edderes sindicais, nesta segunda-feira, dia 19, no Pal\u00e1cio Paranagu\u00e1. Ficou definido que o governo analisar\u00e1 a proposta da categoria de aplica\u00e7\u00e3o da revis\u00e3o salarial e do piso nacional dos professores e que apresentar\u00e1, com brevidade, nova proposta, ap\u00f3s a forma\u00e7\u00e3o de uma comiss\u00e3o parit\u00e1ria que dever\u00e1 discutir a adequa\u00e7\u00e3o do munic\u00edpio \u00e0 Lei de Responsabilidade Fiscal (LRF). Tamb\u00e9m ficou estabelecido que qualquer valor retroativo seja discutido na referida comiss\u00e3o.<\/p>\n<p><!--more--><\/p>\n<p>O secret\u00e1rio de Administra\u00e7\u00e3o, Ricardo Machado, considerou que a impossibilidade da presen\u00e7a dos parlamentares e do prefeito Jabes Ribeiro n\u00e3o interferiu na realiza\u00e7\u00e3o da reuni\u00e3o destinada a formalizar a comiss\u00e3o parit\u00e1ria que dar\u00e1 prosseguimento \u00e0s negocia\u00e7\u00f5es em torno das reivindica\u00e7\u00f5es dos representantes dos sindicatos que representam os servidores de Ilh\u00e9us. \u201cComo j\u00e1 havia o nosso interesse em voltar a discutir o assunto com os servidores e acabar de vez por todas a greve para regularizar a presta\u00e7\u00e3o de servi\u00e7os \u00e0 popula\u00e7\u00e3o, o prefeito determinou que realiz\u00e1ssemos esta assentada\u201d, afirmou Ricardo Machado. <\/p>\n<p>No domingo, dia 18, o deputado estadual Rosemberg Pinto, l\u00edder do PT na Assembleia Legislativa da Bahia e articulador da reuni\u00e3o da \u00faltima quarta-feira, dia 14, avisou ao prefeito Jabes Ribeiro que, devido a outros compromissos, n\u00e3o poderia estar presente ao encontro desta segunda-feira e disse que havia informado da sua aus\u00eancia tamb\u00e9m \u00e0 presidente da Associa\u00e7\u00e3o dos Profissionais Professores de Ilh\u00e9us (APPI), professora Enilda Mendon\u00e7a.<\/p>\n<p>Os demais deputados convidados, Josias Gomes (PT) e Ronaldo Carletto (PP), tamb\u00e9m informaram que n\u00e3o poderiam estar presentes e o prefeito Jabes Ribeiro foi convocado pelo seu partido, o PP, para participar da reuni\u00e3o, na manh\u00e3 desta segunda-feira, dia 19, do governador Jaques Wagner com o Conselho Pol\u00edtico da administra\u00e7\u00e3o estadual. Al\u00e9m do encontro com o governador, o prefeito foi ao Tribunal de Contas dos Munic\u00edpios (TCM), para tentar apressar a resposta \u00e0 consulta que fez sobre os itens que comp\u00f5em o \u00edndice relativo \u00e0s despesas com pessoal, fixado pela Lei de Responsabilidade Fiscal (LRF).<\/p>\n<p>Participaram da reuni\u00e3o desta segunda-feira, al\u00e9m de Ricardo Machado, o secret\u00e1rio de Planejamento, Joaquim Bastos, o chefe do Gabinete, Victor da Veiga, o gerente de Recursos Humanos, Vladimir Mendes Hughes, e os procuradores Alecksander Alves de Souza (trabalhista) e \u00cdtallo Assun\u00e7\u00e3o Cavalcante (administrativo). Estavam na reuni\u00e3o, representando a APPI, Enilda Mendon\u00e7a, e o Sindicato dos Servidores de Ilh\u00e9us (Sinsepi), Luiz Cl\u00e1udio Viana Machado e Edvaldo Xavier dos Santos.<\/p>\n<p>         Ainda se fizerem presentes o l\u00edder do Sindicato dos Agentes Comunit\u00e1rios de Sa\u00fade do Sul da Bahia(Sindiacs\/ACE), Roberto Lima Machado; membros do Sindicato dos Agentes de Tr\u00e2nsito da Bahia (Sindatran-BA), F\u00e1bio Ricardo Ara\u00fajo dos Santos e Ednaldo Ara\u00fajo de Assis, e o presidente do Sindicato dos Guardas Municipais da Bahia (Sindiguarda-BA), Pedro de Oliveiro Santos.  A reuni\u00e3o contou tamb\u00e9m com a presen\u00e7a dos vereadores petistas Alisson Ramos Mendon\u00e7a e Gildeon Farias (Dero), e do representante estadual do Partido Socialista Brasileiro (PSB), Adalberto Galv\u00e3o. <\/p>\n<p>&#8212;<br \/>\nai\/pmi<\/p>\n","protected":false},"excerpt":{"rendered":"<p>Em reuni\u00e3o nesta segunda-feira, dia 19, a Comiss\u00e3o Permanente de Negocia\u00e7\u00e3o afirmou aos sindicalistas que analisar\u00e1 a proposta da categoria de aplica\u00e7\u00e3o da revis\u00e3o salarial e do piso nacional dos professores. Com o objetivo de acabar com a greve dos servidores municipais de Ilh\u00e9us, a comiss\u00e3o permanente de negocia\u00e7\u00e3o da Prefeitura Municipal, reuniu-se mais uma [&hellip;]<\/p>\n","protected":false},"author":2,"featured_media":0,"comment_status":"open","ping_status":"open","sticky":false,"template":"","format":"standard","meta":{"_links_to":"","_links_to_target":""},"categories":[23],"tags":[],"_links":{"self":[{"href":"https:\/\/www.r2cpress.com.br\/v1\/wp-json\/wp\/v2\/posts\/70442"}],"collection":[{"href":"https:\/\/www.r2cpress.com.br\/v1\/wp-json\/wp\/v2\/posts"}],"about":[{"href":"https:\/\/www.r2cpress.com.br\/v1\/wp-json\/wp\/v2\/types\/post"}],"author":[{"embeddable":true,"href":"https:\/\/www.r2cpress.com.br\/v1\/wp-json\/wp\/v2\/users\/2"}],"replies":[{"embeddable":true,"href":"https:\/\/www.r2cpress.com.br\/v1\/wp-json\/wp\/v2\/comments?post=70442"}],"version-history":[{"count":2,"href":"https:\/\/www.r2cpress.com.br\/v1\/wp-json\/wp\/v2\/posts\/70442\/revisions"}],"predecessor-version":[{"id":70445,"href":"https:\/\/www.r2cpress.com.br\/v1\/wp-json\/wp\/v2\/posts\/70442\/revisions\/70445"}],"wp:attachment":[{"href":"https:\/\/www.r2cpress.com.br\/v1\/wp-json\/wp\/v2\/media?parent=70442"}],"wp:term":[{"taxonomy":"category","embeddable":true,"href":"https:\/\/www.r2cpress.com.br\/v1\/wp-json\/wp\/v2\/categories?post=70442"},{"taxonomy":"post_tag","embeddable":true,"href":"https:\/\/www.r2cpress.com.br\/v1\/wp-json\/wp\/v2\/tags?post=70442"}],"curies":[{"name":"wp","href":"https:\/\/api.w.org\/{rel}","templated":true}]}}