{"id":70450,"date":"2013-08-19T15:05:31","date_gmt":"2013-08-19T18:05:31","guid":{"rendered":"http:\/\/www.r2cpress.com.br\/v1\/?p=70450"},"modified":"2013-08-19T15:05:31","modified_gmt":"2013-08-19T18:05:31","slug":"atracoes-para-todas-as-idades-nesta-semana-na-tenda-do-tpi","status":"publish","type":"post","link":"https:\/\/www.r2cpress.com.br\/v1\/2013\/08\/19\/atracoes-para-todas-as-idades-nesta-semana-na-tenda-do-tpi\/","title":{"rendered":"Atra\u00e7\u00f5es para todas as idades  nesta semana na Tenda do TPI"},"content":{"rendered":"<div>\n<div id=\"attachment_70451\" style=\"width: 610px\" class=\"wp-caption aligncenter\"><a href=\"http:\/\/www.r2cpress.com.br\/v1\/wp-content\/uploads\/Lendas-da-Lagoa-Encantada-foto-Karoline-Vital-4.jpg\"><img aria-describedby=\"caption-attachment-70451\" loading=\"lazy\" class=\"size-full wp-image-70451\" alt=\"Lendas da Lagoa Encantada- foto Karoline Vital.\" src=\"http:\/\/www.r2cpress.com.br\/v1\/wp-content\/uploads\/Lendas-da-Lagoa-Encantada-foto-Karoline-Vital-4.jpg\" width=\"600\" height=\"450\" srcset=\"https:\/\/www.r2cpress.com.br\/v1\/wp-content\/uploads\/Lendas-da-Lagoa-Encantada-foto-Karoline-Vital-4.jpg 600w, https:\/\/www.r2cpress.com.br\/v1\/wp-content\/uploads\/Lendas-da-Lagoa-Encantada-foto-Karoline-Vital-4-300x225.jpg 300w\" sizes=\"(max-width: 600px) 100vw, 600px\" \/><\/a><p id=\"caption-attachment-70451\" class=\"wp-caption-text\">Lendas da Lagoa Encantada- foto Karoline Vital.<\/p><\/div>\n<\/div>\n<div>Esta semana na Tenda do Teatro Popular de Ilh\u00e9us (TPI) oferecer\u00e1 atra\u00e7\u00f5es para todas as idades. Nesta ter\u00e7a-feira (20) \u00e0s 19 horas tem o Cineclube \u00c9quio Reis, exibindo curtas-metragens dos alunos do curso de Comunica\u00e7\u00e3o Social da Universidade Estadual de Santa Cruz (Uesc). Na quarta-feira (21), o projeto de interc\u00e2mbio de dan\u00e7a <i>Chamgement<\/i> aborda a dan\u00e7a de sal\u00e3o, a partir das 17 horas. E de quinta-feira a s\u00e1bado (22 a 24), estar\u00e1 em cartaz o musical infanto-juvenil <i>Lendas da Lagoa Encantada<\/i>, sempre \u00e0s 20<br \/>\nO Cineclube desta ter\u00e7a-feira traz o curta-metragem <i>O Voo<\/i> e os v\u00eddeos minuto <i>Encruzilhada<\/i>; <i>Um Minuto Uma Escolha<\/i>; <i>46;<\/i> <i>Eddy o Azarado<\/i> e <i>Sonopl\u00e1stico<\/i>. A iniciativa \u00e9 fruto da parceria entre o N\u00facleo de Produ\u00e7\u00e3o Audiovisual do Teatro Popular de Ilh\u00e9us e Uesc. A entrada \u00e9 gratuita.<\/p>\n<p><!--more--><\/p>\n<p>A segunda edi\u00e7\u00e3o do <i>Chamgement<\/i> segue promovendo a troca de experi\u00eancias e ideias entre dan\u00e7arinos, bailarinos e core\u00f3grafos da regi\u00e3o. Nesta semana, o professor Alessandro Garcia passar\u00e1 orienta\u00e7\u00f5es sobre o samba de gafieira. A taxa de inscri\u00e7\u00e3o custa R$ 10 e os participantes receber\u00e3o certificado. A iniciativa \u00e9 do N\u00facleo de Dan\u00e7a do Teatro Popular de Ilh\u00e9us.<\/p>\n<p>A Cia. Boi da Cara Preta apresenta o musical infanto-juvenil <i>Lendas da Lagoa Encantada<\/i>. O grupo integra o N\u00facleo Infanto-juvenil do Teatro Popular de Ilh\u00e9us e traz a montagem como parte das comemora\u00e7\u00f5es pelos 18 anos do TPI. A montagem traz personagens m\u00edticos, que fazem parte do imagin\u00e1rio do povoado ilheense da Lagoa Encantada, unindo-se aos seres humanos para expulsar o bicho mondrongo. O texto \u00e9 de Romualdo Lisboa, trilha sonora e dire\u00e7\u00e3o musical de Elielton Cabe\u00e7a e dire\u00e7\u00e3o geral de T\u00e2nia Barbosa. As entradas custam R$ 20 e R$ 10.<\/p>\n<p>Quem desejar pagar meia-entrada por um ano em todos os espet\u00e1culos da Tenda do Teatro Popular de Ilh\u00e9us e ainda ter 10% de desconto em cursos e oficinas, pode fazer o Cart\u00e3o TPI.\u00a0 Para isso, \u00e9 preciso preencher um cadastro com dados pessoais e pagar uma taxa de R$ 15. Mais informa\u00e7\u00f5es no local ou pelo telefone (73) 4102-0580.<\/p>\n<\/div>\n","protected":false},"excerpt":{"rendered":"<p>Esta semana na Tenda do Teatro Popular de Ilh\u00e9us (TPI) oferecer\u00e1 atra\u00e7\u00f5es para todas as idades. Nesta ter\u00e7a-feira (20) \u00e0s 19 horas tem o Cineclube \u00c9quio Reis, exibindo curtas-metragens dos alunos do curso de Comunica\u00e7\u00e3o Social da Universidade Estadual de Santa Cruz (Uesc). Na quarta-feira (21), o projeto de interc\u00e2mbio de dan\u00e7a Chamgement aborda a [&hellip;]<\/p>\n","protected":false},"author":2,"featured_media":0,"comment_status":"open","ping_status":"open","sticky":false,"template":"","format":"standard","meta":{"_links_to":"","_links_to_target":""},"categories":[5],"tags":[],"_links":{"self":[{"href":"https:\/\/www.r2cpress.com.br\/v1\/wp-json\/wp\/v2\/posts\/70450"}],"collection":[{"href":"https:\/\/www.r2cpress.com.br\/v1\/wp-json\/wp\/v2\/posts"}],"about":[{"href":"https:\/\/www.r2cpress.com.br\/v1\/wp-json\/wp\/v2\/types\/post"}],"author":[{"embeddable":true,"href":"https:\/\/www.r2cpress.com.br\/v1\/wp-json\/wp\/v2\/users\/2"}],"replies":[{"embeddable":true,"href":"https:\/\/www.r2cpress.com.br\/v1\/wp-json\/wp\/v2\/comments?post=70450"}],"version-history":[{"count":3,"href":"https:\/\/www.r2cpress.com.br\/v1\/wp-json\/wp\/v2\/posts\/70450\/revisions"}],"predecessor-version":[{"id":70454,"href":"https:\/\/www.r2cpress.com.br\/v1\/wp-json\/wp\/v2\/posts\/70450\/revisions\/70454"}],"wp:attachment":[{"href":"https:\/\/www.r2cpress.com.br\/v1\/wp-json\/wp\/v2\/media?parent=70450"}],"wp:term":[{"taxonomy":"category","embeddable":true,"href":"https:\/\/www.r2cpress.com.br\/v1\/wp-json\/wp\/v2\/categories?post=70450"},{"taxonomy":"post_tag","embeddable":true,"href":"https:\/\/www.r2cpress.com.br\/v1\/wp-json\/wp\/v2\/tags?post=70450"}],"curies":[{"name":"wp","href":"https:\/\/api.w.org\/{rel}","templated":true}]}}