{"id":70477,"date":"2013-08-20T08:39:39","date_gmt":"2013-08-20T11:39:39","guid":{"rendered":"http:\/\/www.r2cpress.com.br\/v1\/?p=70477"},"modified":"2013-08-20T08:39:39","modified_gmt":"2013-08-20T11:39:39","slug":"sem-onibus","status":"publish","type":"post","link":"https:\/\/www.r2cpress.com.br\/v1\/2013\/08\/20\/sem-onibus\/","title":{"rendered":"Sem \u00f4nibus"},"content":{"rendered":"<p>A cidade de Ilh\u00e9us amanheceu sem os buz\u00fas. Manifestantes impediram a sa\u00edda deles das garagens.<br \/>\nO centro da cidade est\u00e1 praticamente parado. Lojas ainda n\u00e3o abriram.<br \/>\nMotoboys, vans e kombis tentam dar conta da demanda.<br \/>\nA cidade est\u00e1 morta.<\/p>\n","protected":false},"excerpt":{"rendered":"<p>A cidade de Ilh\u00e9us amanheceu sem os buz\u00fas. Manifestantes impediram a sa\u00edda deles das garagens. O centro da cidade est\u00e1 praticamente parado. Lojas ainda n\u00e3o abriram. Motoboys, vans e kombis tentam dar conta da demanda. A cidade est\u00e1 morta.<\/p>\n","protected":false},"author":2,"featured_media":0,"comment_status":"open","ping_status":"open","sticky":false,"template":"","format":"standard","meta":{"_links_to":"","_links_to_target":""},"categories":[10],"tags":[],"_links":{"self":[{"href":"https:\/\/www.r2cpress.com.br\/v1\/wp-json\/wp\/v2\/posts\/70477"}],"collection":[{"href":"https:\/\/www.r2cpress.com.br\/v1\/wp-json\/wp\/v2\/posts"}],"about":[{"href":"https:\/\/www.r2cpress.com.br\/v1\/wp-json\/wp\/v2\/types\/post"}],"author":[{"embeddable":true,"href":"https:\/\/www.r2cpress.com.br\/v1\/wp-json\/wp\/v2\/users\/2"}],"replies":[{"embeddable":true,"href":"https:\/\/www.r2cpress.com.br\/v1\/wp-json\/wp\/v2\/comments?post=70477"}],"version-history":[{"count":2,"href":"https:\/\/www.r2cpress.com.br\/v1\/wp-json\/wp\/v2\/posts\/70477\/revisions"}],"predecessor-version":[{"id":70479,"href":"https:\/\/www.r2cpress.com.br\/v1\/wp-json\/wp\/v2\/posts\/70477\/revisions\/70479"}],"wp:attachment":[{"href":"https:\/\/www.r2cpress.com.br\/v1\/wp-json\/wp\/v2\/media?parent=70477"}],"wp:term":[{"taxonomy":"category","embeddable":true,"href":"https:\/\/www.r2cpress.com.br\/v1\/wp-json\/wp\/v2\/categories?post=70477"},{"taxonomy":"post_tag","embeddable":true,"href":"https:\/\/www.r2cpress.com.br\/v1\/wp-json\/wp\/v2\/tags?post=70477"}],"curies":[{"name":"wp","href":"https:\/\/api.w.org\/{rel}","templated":true}]}}